{"id":947,"date":"2021-04-06T19:56:21","date_gmt":"2021-04-06T19:56:21","guid":{"rendered":"https:\/\/iies.usac.edu.gt\/?p=947"},"modified":"2021-04-06T19:56:22","modified_gmt":"2021-04-06T19:56:22","slug":"revista-economia-no-197-julio-septiembre-2013","status":"publish","type":"post","link":"https:\/\/iies.usac.edu.gt\/index.php\/2021\/04\/06\/revista-economia-no-197-julio-septiembre-2013\/","title":{"rendered":"Revista Econom\u00eda No. 197 julio \u2013 septiembre 2013"},"content":{"rendered":"\n<p class=\"has-medium-font-size\">El Instituto de Investigaciones Econ\u00f3micas y Sociales -IIES- de la Universidad de San Carlos de Guatemala, presenta a sus lectores la revista Econom\u00eda 197 correspondiente al trimestre julio-septiembre del a\u00f1o 2013.<\/p>\n\n\n\n<p style=\"color:#ffffff\" class=\"has-text-color has-background has-text-align-center has-very-dark-gray-background-color\"><strong>Contenido<\/strong><\/p>\n\n\n\n<h3 class=\"wp-block-heading\"><strong>Crisis de desempleo por la recesi\u00f3n econ\u00f3mica mundial y su incidencia en pa\u00edses en desarrollo<\/strong><br><em>Lic. Leonel Hern\u00e1ndez Cardona<\/em><\/h3>\n\n\n\n<p style=\"background-color:#ffffff\" class=\"has-background has-small-font-size\"><strong>INTRODUCCI\u00d3N<\/strong> <br><br>La crisis del desempleo es el nuevo fantasma que recorre el mundo, especialmente en los pa\u00edses desarrollados, los cuales han llevado a la econom\u00eda mundial a una nueva recesi\u00f3n. El desempleo alcanza \u00edndices inimaginables, las familias hurgando en la basura en busca de comida, los desahucios de familias que no pueden pagar la renta de sus modestas viviendas, los recortes de los presupuestos de educaci\u00f3n y salud, o la guillotina aplicada a los planes de pensiones de los trabajadores y los programas de bienestar social, son algunos de los elementos que configuran la imagen de una Europa y Estados Unidos asolados por la crisis capitalista y su modelo neoliberal. <br><br>Las pol\u00edticas de ajuste neoliberal implementadas en Europa bajo la presi\u00f3n de la troika: Banco Central Europeo, Comisi\u00f3n Europea y el Fondo Monetario Internacional -FMI-, en nombre de la recuperaci\u00f3n econ\u00f3mica, no han hecho m\u00e1s que profundizar la crisis, empobrecer a millones de ciudadanos en toda Europa e incrementar las desigualdades sociales. Trat\u00e1ndose de una agresi\u00f3n de alcance continental contra los derechos laborales, sociales y democr\u00e1ticos. Empujados hacia el abismo neoliberal por el dogmatismo ideol\u00f3gico y econ\u00f3mico, los pueblos del sur de Europa empiezan a comprender la magnitud real de sus problemas, las causas profundas de la crisis y la estafa de la que est\u00e1n siendo v\u00edctimas al trasladar a la sociedad y especialmente a la clase trabajadora el costo de las p\u00e9rdidas de los Bancos y los operadores financieros.<\/p>\n\n\n\n<h3 class=\"wp-block-heading\"><strong>La Ciudad de Guatemala: Foco de contaminaci\u00f3n para comunidades vecinas<\/strong><br><em>Lic. Axel Ely Ruch Molina<\/em><\/h3>\n\n\n\n<p class=\"has-background has-small-font-size has-very-light-gray-background-color\">INTRODUCCI\u00d3N: <br><br>La producci\u00f3n es, ante todo, un proceso de interacci\u00f3n de la sociedad y la naturaleza, es en este proceso que el hombre obtiene de la naturaleza circundante, los medios para sobrevivir. As\u00ed tambi\u00e9n, la producci\u00f3n de los objetos de subsistencia brinda los elementos para entender la organizaci\u00f3n de la sociedad y lo nexos con el medio exterior, o sea, la naturaleza. Pero, as\u00ed tambi\u00e9n, el hombre devuelve en forma de desechos a la naturaleza los residuos de la producci\u00f3n, lo que ha puesto a prueba la capacidad de resiliencia de la naturaleza en el planeta tierra y la capacidad de homeostasis de los organismos vivos, incluido el hombre, que conforman esa naturaleza. <br><br>Si en la antig\u00fcedad la influencia del hombre por medio del proceso de trabajo en su medio circundante ha sido bastante activo, modific\u00e1ndolo localmente, adapt\u00e1ndolo de acuerdo a sus necesidades, en la actualidad la potencialidad de influencia y cambio del medio natural ha tomado un curso inverso y pone en peligro la satisfacci\u00f3n sus necesidades, problema que tiene dimensiones globales y que, como hemos mencionado en otros ensayos, ponen en peligro la vida el planeta.<\/p>\n\n\n\n<h3 class=\"wp-block-heading\"><strong>Cambio clim\u00e1tico: Implicaciones para Guatemala<\/strong><br><em>Lic. Carlos Morales L\u00f3pez<\/em><\/h3>\n\n\n\n<p style=\"background-color:#ffffff\" class=\"has-background has-small-font-size\"><strong>Se pelan los bosques, la tierra se hace desierto, se envenenan los r\u00edos. En muchos lugares la lluvia ha dejado de llover, y en muchos llueve como si se partiera el cielo. <\/strong><br><strong><br>Eduardo Galeano<\/strong><br><br>El per\u00edodo durante el cual se debat\u00eda a nivel global y local, si el Cambio Clim\u00e1tico era un acontecimiento antropog\u00e9nico sostenido en el tiempo o un invento de mentes paranoicas, a\u00fan es reciente. Por varias razones, esencialmente por la evidencia cient\u00edfica presentada hasta hoy, son pocos los sectores locales que a\u00fan conservan un discurso negacionista sobre este hecho. Posiciones conservadoras acordes con la irresponsabilidad ambiental y defensa de intereses gremiales en donde el bien com\u00fan o de naci\u00f3n no existe, no tienen raz\u00f3n der ser. Seg\u00fan Lara (2013) para los m\u00e1s categ\u00f3ricos, la crisis clim\u00e1tica y medio ambiental se inscribe en una crisis capitalista sist\u00e9mica y global, en pleno desarrollo, que Compromete al conjunto del planeta y la supervivencia de la humanidad. Para ellos, se tratar\u00eda de una crisis de un patr\u00f3n civilizatorio de crecimiento supuestamente infinito. Pero tambi\u00e9n hay quienes han comprendido la magnitud del hecho a escala mundial, cuestionando la indiferencia e irresponsabilidad de los mayores contaminadores del planeta, los err\u00f3neamente llamados pa\u00edses desarrollados, industrializados, o de primer mundo. Por tanto, no hay cabida actualmente para el discurso que pretende negar los cambios en el clima mundial producto de actividades antropog\u00e9nicas y que significa hoy por hoy, uno de los grandes desaf\u00edos para la humanidad.<\/p>\n\n\n\n<h3 class=\"wp-block-heading\"><strong>La gesti\u00f3n de la salud p\u00fablica en Guatemala (La Macrogesti\u00f3n) <\/strong><br><em>Licda. MSc. Herlem Isol Reyes L\u00f3pez<\/em><\/h3>\n\n\n\n<p class=\"has-background has-small-font-size has-very-light-gray-background-color\"><strong>I. INTRODUCCI\u00d3N <\/strong><br><br>Las transformaciones econ\u00f3micas, pol\u00edticas y sociales demandan de los gobiernos, la implementaci\u00f3n de modelos de administraci\u00f3n y de gesti\u00f3n p\u00fablica comprometidos ampliamente con el bienestar de los ciudadanos, en el sentido de garantizar los medios necesarios para la b\u00fasqueda de los fines supremos del Estado, entre los cuales y el m\u00e1s importante se encuentra la protecci\u00f3n de la persona y la familia y la realizaci\u00f3n del bien com\u00fan, como lo se\u00f1ala la Carta Magna en el caso de Guatemala. <br><br>La salud es un bien social decisivo para el logro del bienestar de las personas. Como un derecho humano fundamental, demanda de los Estados la creaci\u00f3n de condiciones que aseguren el goce de un nivel m\u00e1ximo de salud que les permita vivir dignamente, incluyendo la disponibilidad y el acceso a una atenci\u00f3n sanitaria oportuna, aceptable, asequible y de calidad. <br><br>La salud como un recurso para la vida como se\u00f1ala la Carta de Ottawa firmada en 19862, asigna importancia a condiciones y recursos fundamentales para la salud, los cuales son explicitados en los Tratados de Naciones Unidas sobre Derechos Humanos, espec\u00edficamente en lo relativo a la Observaci\u00f3n General No.14 (2000) del Comit\u00e9 de Derechos Econ\u00f3micos, Sociales y Culturales (1966), que describe como factores determinantes y obligaciones b\u00e1sicas de la salud: los servicios esenciales de atenci\u00f3n primaria de la salud, la alimentaci\u00f3n esencial m\u00ednima que sea nutritiva, una vivienda adecuada, el saneamiento y agua potable, medicamentos esenciales, condiciones de trabajo seguras y sanas, un medio ambiente sano, as\u00ed como la promoci\u00f3n de la educaci\u00f3n e informaci\u00f3n relacionada con la salud.<\/p>\n\n\n\n<hr class=\"wp-block-separator is-style-wide\"\/>\n\n\n\n<div class=\"wp-block-image\"><figure class=\"aligncenter size-medium\"><img decoding=\"async\" loading=\"lazy\" width=\"227\" height=\"300\" src=\"https:\/\/iies.usac.edu.gt\/wp-content\/uploads\/2021\/04\/Revista-197-2013-Portada-227x300.jpg\" alt=\"\" class=\"wp-image-942\" srcset=\"https:\/\/iies.usac.edu.gt\/wp-content\/uploads\/2021\/04\/Revista-197-2013-Portada-227x300.jpg 227w, https:\/\/iies.usac.edu.gt\/wp-content\/uploads\/2021\/04\/Revista-197-2013-Portada-773x1024.jpg 773w, https:\/\/iies.usac.edu.gt\/wp-content\/uploads\/2021\/04\/Revista-197-2013-Portada-768x1017.jpg 768w, https:\/\/iies.usac.edu.gt\/wp-content\/uploads\/2021\/04\/Revista-197-2013-Portada-1160x1536.jpg 1160w, https:\/\/iies.usac.edu.gt\/wp-content\/uploads\/2021\/04\/Revista-197-2013-Portada-1547x2048.jpg 1547w, https:\/\/iies.usac.edu.gt\/wp-content\/uploads\/2021\/04\/Revista-197-2013-Portada.jpg 1876w\" sizes=\"(max-width: 227px) 100vw, 227px\" \/><\/figure><\/div>\n\n\n\n<hr class=\"wp-block-separator is-style-wide\"\/>\n\n\n\n<div class=\"wp-block-buttons is-layout-flex\">\n<div class=\"wp-block-button\"><a class=\"wp-block-button__link has-background has-vivid-red-background-color\" href=\"https:\/\/iies.usac.edu.gt\/wp-content\/uploads\/2021\/04\/Rev197-2013.pdf\" target=\"_blank\" rel=\"noreferrer noopener\">Descargar Revista en PDF<\/a><\/div>\n<\/div>\n\n\n\n<p><\/p>\n","protected":false},"excerpt":{"rendered":"<p>Crisis de desempleo por la recesi\u00f3n econ\u00f3mica mundial y su incidencia en pa\u00edses en desarrollo, Lic. Leonel Hern\u00e1ndez Cardona. \/ La Ciudad de Guatemala: Foco de contaminaci\u00f3n para comunidades vecinas, Lic. Axel Ely Ruch Molina. \/ Cambio clim\u00e1tico: Implicaciones para Guatemala, Lic. Carlos Morales L\u00f3pez. \/ La gesti\u00f3n de la salud p\u00fablica en Guatemala (La Macrogesti\u00f3n) , Licda. MSc. Herlem Isol Reyes L\u00f3pez.<\/p>\n","protected":false},"author":2,"featured_media":938,"comment_status":"open","ping_status":"open","sticky":false,"template":"","format":"standard","meta":[],"categories":[10,2],"tags":[],"_links":{"self":[{"href":"https:\/\/iies.usac.edu.gt\/index.php\/wp-json\/wp\/v2\/posts\/947"}],"collection":[{"href":"https:\/\/iies.usac.edu.gt\/index.php\/wp-json\/wp\/v2\/posts"}],"about":[{"href":"https:\/\/iies.usac.edu.gt\/index.php\/wp-json\/wp\/v2\/types\/post"}],"author":[{"embeddable":true,"href":"https:\/\/iies.usac.edu.gt\/index.php\/wp-json\/wp\/v2\/users\/2"}],"replies":[{"embeddable":true,"href":"https:\/\/iies.usac.edu.gt\/index.php\/wp-json\/wp\/v2\/comments?post=947"}],"version-history":[{"count":1,"href":"https:\/\/iies.usac.edu.gt\/index.php\/wp-json\/wp\/v2\/posts\/947\/revisions"}],"predecessor-version":[{"id":948,"href":"https:\/\/iies.usac.edu.gt\/index.php\/wp-json\/wp\/v2\/posts\/947\/revisions\/948"}],"wp:featuredmedia":[{"embeddable":true,"href":"https:\/\/iies.usac.edu.gt\/index.php\/wp-json\/wp\/v2\/media\/938"}],"wp:attachment":[{"href":"https:\/\/iies.usac.edu.gt\/index.php\/wp-json\/wp\/v2\/media?parent=947"}],"wp:term":[{"taxonomy":"category","embeddable":true,"href":"https:\/\/iies.usac.edu.gt\/index.php\/wp-json\/wp\/v2\/categories?post=947"},{"taxonomy":"post_tag","embeddable":true,"href":"https:\/\/iies.usac.edu.gt\/index.php\/wp-json\/wp\/v2\/tags?post=947"}],"curies":[{"name":"wp","href":"https:\/\/api.w.org\/{rel}","templated":true}]}}