{"id":352,"date":"2020-09-16T18:20:38","date_gmt":"2020-09-16T18:20:38","guid":{"rendered":"https:\/\/iies.usac.edu.gt\/?p=352"},"modified":"2020-09-16T20:42:51","modified_gmt":"2020-09-16T20:42:51","slug":"revista-economia-no-222-octubre-diciembre-2020","status":"publish","type":"post","link":"https:\/\/iies.usac.edu.gt\/index.php\/2020\/09\/16\/revista-economia-no-222-octubre-diciembre-2020\/","title":{"rendered":"Revista Econom\u00eda No. 222 octubre \u2013 diciembre 2019"},"content":{"rendered":"\n<p>El Instituto de Investigaciones Econ\u00f3micas y Sociales -IIES- de la Universidad de San Carlos de Guatemala, presenta a sus lectores la Revista Econom\u00eda 222, correspondiente al trimestre octubre-diciembre del a\u00f1o 2019.<\/p>\n\n\n\n<p class=\"has-text-color has-background has-text-align-center has-medium-font-size has-very-light-gray-color has-very-dark-gray-background-color\">Contenido<\/p>\n\n\n\n<h3 class=\"wp-block-heading\"><strong>Las Pol\u00edticas Macroecon\u00f3micas y la Crisis Social. (Primera Parte)<\/strong><br><em>MSc. Edgar Arturo Marroqu\u00edn L\u00f3pez<\/em><\/h3>\n\n\n\n<p style=\"background-color:#ffffff\" class=\"has-background has-small-font-size\"><strong>Introducci\u00f3n<\/strong><br><br>Desde hace varias d\u00e9cadas en nuestro pa\u00eds se manifiesta una gran diferencia entre los fines, estabilidad y buen manejo de las pol\u00edticas macroecon\u00f3micas, por un lado; y, la crisis que envuelve a la gran mayor\u00eda de la poblaci\u00f3n guatemalteca, identificada con los sectores asalariados, pobres y marginados, por otro. En muchas ocasiones, pareciera que estas dos expresiones econ\u00f3micas y sociales, pertenecieran a dos realidades o mundos diferentes. Guatemala experimenta esa dualidad en su econom\u00eda, expresada en una parte, por su pregonada estabilidad macroecon\u00f3mica y, en otra parte, por la crisis social que sufre la mayor\u00eda de su poblaci\u00f3n.<\/p>\n\n\n\n<h3 class=\"wp-block-heading\"><strong>Crisis Econ\u00f3mica en el Tri\u00e1ngulo Norte de Centroam\u00e9rica y Migraci\u00f3n Internacional<\/strong><br><em>MSc. Andrely Mael\u00ed Cisneros Flores<\/em><\/h3>\n\n\n\n<p class=\"has-background has-small-font-size has-very-light-gray-background-color\"><strong>Introducci\u00f3n<\/strong><br><br>La migraci\u00f3n internacional es un fen\u00f3meno hist\u00f3rico mundial, d\u00e1ndose de forma temporal o permanente, y de pa\u00edses subdesarrollados hacia otros m\u00e1s desarrollados. Tanto la pobreza como la violencia e inseguridad, adem\u00e1s de condiciones clim\u00e1ticas adversas, obliga a muchas personas a migrar hacia la b\u00fasqueda de oportunidades para mejorar sus condiciones de vida.<\/p>\n\n\n\n<h3 class=\"wp-block-heading\"><strong>Divisi\u00f3n Sexual del Trabajo, Sesgos de G\u00e9nero e Ingresos Laborales en el Espacio Urbano de la Regi\u00f3n Metropolitana. <\/strong>Per\u00edodo 2002 &#8211; 2018<br><em>Licda. Mara Luz Polanco Sagastume<\/em><\/h3>\n\n\n\n<p style=\"background-color:#ffffff\" class=\"has-background has-small-font-size\"><strong>1. Introducci\u00f3n<\/strong><br><br>La divisi\u00f3n sexual del trabajo ha definido hist\u00f3ricamente muchas de las pr\u00e1cticas que caracterizan la actividad laboral de nuestro tiempo. Esta ha condicionado las actividades econ\u00f3micas en las cuales se insertan hombres y mujeres e influenciado de manera determinante en d\u00f3nde y c\u00f3mo ambos g\u00e9neros se desempe\u00f1an en la econom\u00eda. La divisi\u00f3n sexual del trabajo y los roles que se asignan socialmente a las mujeres a partir de esa distribuci\u00f3n, afectan sus condiciones laborales y de vida, obstaculizando muchas veces el acceso al mercado laboral, al cr\u00e9dito o a los medios de producci\u00f3n, y por tanto, a una vida con autonom\u00eda econ\u00f3mica.<\/p>\n\n\n\n<h3 class=\"wp-block-heading\"><strong>La Pol\u00edtica de Generaci\u00f3n de Empleo Seguro, Decente y de Calidad y el Eje de Empresas Competitivas<\/strong><br><em>MSc. Herlem Isol Reyes L\u00f3pez<\/em><\/h3>\n\n\n\n<p class=\"has-background has-small-font-size has-very-light-gray-background-color\"><strong>I. Introducci\u00f3n<\/strong><br><br>El empleo constituye un factor determinante para generar el progreso social de los seres humanos. Es el medio que permite a hombres y mujeres la generaci\u00f3n de ingresos para promover su seguridad econ\u00f3mica y la de sus familias. El empleo remunerado facilita la subsistencia y la mejora en las condiciones de vida de las personas, promueve su realizaci\u00f3n personal y espiritual como integrantes de la sociedad.<\/p>\n\n\n\n<hr class=\"wp-block-separator is-style-wide\"\/>\n\n\n\n<div class=\"wp-block-image\"><figure class=\"aligncenter size-medium\"><img decoding=\"async\" loading=\"lazy\" width=\"237\" height=\"300\" src=\"https:\/\/iies.usac.edu.gt\/wp-content\/uploads\/2020\/09\/Portada-Revista-Econom\u00eda-No.-222-octubre-diciembre-2019-237x300.jpg\" alt=\"\" class=\"wp-image-383\" srcset=\"https:\/\/iies.usac.edu.gt\/wp-content\/uploads\/2020\/09\/Portada-Revista-Econom\u00eda-No.-222-octubre-diciembre-2019-237x300.jpg 237w, https:\/\/iies.usac.edu.gt\/wp-content\/uploads\/2020\/09\/Portada-Revista-Econom\u00eda-No.-222-octubre-diciembre-2019-809x1024.jpg 809w, https:\/\/iies.usac.edu.gt\/wp-content\/uploads\/2020\/09\/Portada-Revista-Econom\u00eda-No.-222-octubre-diciembre-2019-768x972.jpg 768w, https:\/\/iies.usac.edu.gt\/wp-content\/uploads\/2020\/09\/Portada-Revista-Econom\u00eda-No.-222-octubre-diciembre-2019-1214x1536.jpg 1214w, https:\/\/iies.usac.edu.gt\/wp-content\/uploads\/2020\/09\/Portada-Revista-Econom\u00eda-No.-222-octubre-diciembre-2019-1618x2048.jpg 1618w, https:\/\/iies.usac.edu.gt\/wp-content\/uploads\/2020\/09\/Portada-Revista-Econom\u00eda-No.-222-octubre-diciembre-2019.jpg 2015w\" sizes=\"(max-width: 237px) 100vw, 237px\" \/><\/figure><\/div>\n\n\n\n<hr class=\"wp-block-separator is-style-wide\"\/>\n\n\n\n<div class=\"wp-block-buttons is-layout-flex\">\n<div class=\"wp-block-button\"><a class=\"wp-block-button__link has-background has-vivid-red-background-color\" href=\"https:\/\/iies.usac.edu.gt\/wp-content\/uploads\/2020\/09\/Revista-Econom\u00eda-No.-222-octubre-diciembre-2019.pdf\" target=\"_blank\" rel=\"noreferrer noopener\">Descargar Revista en PDF<\/a><\/div>\n<\/div>\n\n\n\n<p><\/p>\n","protected":false},"excerpt":{"rendered":"<p>Las Pol\u00edticas Macroecon\u00f3micas y la Crisis Social. (Primera Parte). Autor: MSc. Edgar Arturo Marroqu\u00edn L\u00f3pez.<br \/>\nCrisis Econ\u00f3mica en el Tri\u00e1ngulo Norte de Centroam\u00e9rica y Migraci\u00f3n Internacional. Autor: MSc. Andrely Mael\u00ed Cisneros Flores.<br \/>\nDivisi\u00f3n Sexual del Trabajo, Sesgos de G\u00e9nero e Ingresos Laborales en el Espacio Urbano de la Regi\u00f3n Metropolitana. Per\u00edodo 2002 &#8211; 2018. Autores: Licda. Mara Luz Polanco Sagastume.<br \/>\nLa Pol\u00edtica de Generaci\u00f3n de Empleo Seguro, Decente y de Calidad y el Eje de Empresas Competitivas. Autor: MSc. Herlem Isol Reyes L\u00f3pez.<\/p>\n","protected":false},"author":2,"featured_media":375,"comment_status":"open","ping_status":"open","sticky":false,"template":"","format":"standard","meta":[],"categories":[25,2],"tags":[],"_links":{"self":[{"href":"https:\/\/iies.usac.edu.gt\/index.php\/wp-json\/wp\/v2\/posts\/352"}],"collection":[{"href":"https:\/\/iies.usac.edu.gt\/index.php\/wp-json\/wp\/v2\/posts"}],"about":[{"href":"https:\/\/iies.usac.edu.gt\/index.php\/wp-json\/wp\/v2\/types\/post"}],"author":[{"embeddable":true,"href":"https:\/\/iies.usac.edu.gt\/index.php\/wp-json\/wp\/v2\/users\/2"}],"replies":[{"embeddable":true,"href":"https:\/\/iies.usac.edu.gt\/index.php\/wp-json\/wp\/v2\/comments?post=352"}],"version-history":[{"count":8,"href":"https:\/\/iies.usac.edu.gt\/index.php\/wp-json\/wp\/v2\/posts\/352\/revisions"}],"predecessor-version":[{"id":384,"href":"https:\/\/iies.usac.edu.gt\/index.php\/wp-json\/wp\/v2\/posts\/352\/revisions\/384"}],"wp:featuredmedia":[{"embeddable":true,"href":"https:\/\/iies.usac.edu.gt\/index.php\/wp-json\/wp\/v2\/media\/375"}],"wp:attachment":[{"href":"https:\/\/iies.usac.edu.gt\/index.php\/wp-json\/wp\/v2\/media?parent=352"}],"wp:term":[{"taxonomy":"category","embeddable":true,"href":"https:\/\/iies.usac.edu.gt\/index.php\/wp-json\/wp\/v2\/categories?post=352"},{"taxonomy":"post_tag","embeddable":true,"href":"https:\/\/iies.usac.edu.gt\/index.php\/wp-json\/wp\/v2\/tags?post=352"}],"curies":[{"name":"wp","href":"https:\/\/api.w.org\/{rel}","templated":true}]}}