{"id":2652,"date":"2026-04-27T19:16:31","date_gmt":"2026-04-27T19:16:31","guid":{"rendered":"https:\/\/iies.usac.edu.gt\/?p=2652"},"modified":"2026-04-27T19:18:59","modified_gmt":"2026-04-27T19:18:59","slug":"revista-economia-no-247-enero-marzo-2026","status":"publish","type":"post","link":"https:\/\/iies.usac.edu.gt\/index.php\/2026\/04\/27\/revista-economia-no-247-enero-marzo-2026\/","title":{"rendered":"Revista Econom\u00eda No. 247 enero &#8211; marzo 2026"},"content":{"rendered":"\n<p class=\"has-text-align-center\" style=\"font-size:22px\"><strong>Presentaci\u00f3n<\/strong><\/p>\n\n\n\n<p style=\"font-size:16px\">El Instituto de Investigaciones Econ\u00f3micas y Sociales (IIES), como parte de sus funciones investigativas y de apoyo a la sociedad guatemalteca, se complace presentar la Revista Econom\u00eda No. 247, enero \u2013 marzo de 2026, con diversos temas relacionados con el desarrollo de la estructura agraria, el empleo e incertidumbre en la econom\u00eda actual derivado de la guerra  comercial, temas que evidencian una importante correlaci\u00f3n con el desempe\u00f1o de la econom\u00eda del pa\u00eds. <br><br>En esta oportunidad la Revista No. 247 contiene cinco art\u00edculos elaborados por miembros del equipo de investigaci\u00f3n del Instituto, los cuales se titulan: Hacia una historia agraria de Guatemala (primera parte), elaborado por el Dr. Jorge Murga Armas; Los posibles efectos de la actual guerra comercial, autor\u00eda del Lic. Carlos Morales L\u00f3pez; Empleo juvenil realidades y desaf\u00edos de una asignatura pendiente, trabajo realizado por la Dra. Herlem Isol Reyes L\u00f3pez; Persistencia del desempleo estructural en Guatemala, An\u00e1lisis de hist\u00e9resis en el mercado laboral pos-COVID-19 realizado por el Lic. Carlos Enrique Solis Garc\u00eda; y Periodizaci\u00f3n de la agroexportaci\u00f3n. Productos cultivados. Consolidaci\u00f3n y ampliaci\u00f3n del modelo econ\u00f3mico primario capitalista hacia afuera, por el Lic. Miguel \u00c1ngel Castro P\u00e9rez. <br><br>Con la divulgaci\u00f3n de los art\u00edculos anteriores, el IIES cumple con su compromiso acad\u00e9mico e institucional, aportando estudios que ponen al descubierto la realidad guatemalteca, basados en investigaciones objetivas de car\u00e1cter cient\u00edfico, que fomentan el pensamiento cr\u00edtico en la comunidad estudiantil y en la sociedad en general.<\/p>\n\n\n\n<p class=\"has-text-align-right\">Guatemala, marzo de 2026<\/p>\n\n\n\n<p class=\"has-text-align-center\"><strong>\u201cId y ense\u00f1ad a todos\u201d<\/strong><\/p>\n\n\n\n<p class=\"has-text-align-center has-white-color has-luminous-vivid-orange-background-color has-text-color has-background has-medium-font-size\"><strong>Contenido<\/strong><\/p>\n\n\n\n<h2 class=\"wp-block-heading\"><strong>Hacia una historia agraria de Guatemala <br>(primera parte)<\/strong><br><em>Dr. Jorge Murga Arma<\/em><\/h2>\n\n\n\n<p class=\"has-white-background-color has-background\" style=\"font-size:16px\">Tras estudiar la cuesti\u00f3n agraria en la \u00e9poca colonial, lo que implic\u00f3 analizar la tesis de Severo Mart\u00ednez sobre el \u00abcar\u00e1cter marcadamente feudal\u00bb de las relaciones de producci\u00f3n en las haciendas, este ensayo examina c\u00f3mo, tras la independencia de Espa\u00f1a en 1821, las luchas entre liberales y conservadores llevaron a la consolidaci\u00f3n de la clase terrateniente criolla-ladina tras la Revoluci\u00f3n Liberal de 1871. Ahora bien, el proceso de recomposici\u00f3n de la clase dominante pone de manifiesto un fen\u00f3meno identitario que marca la realidad econ\u00f3mica y social de Guatemala: por un lado, la transmutaci\u00f3n de la identidad ladina de los grupos liberales que se enriquecieron con la revoluci\u00f3n a la identidad criolla de la clase criolla superviviente de la \u00e9poca colonial; por otro lado, la absorci\u00f3n de las identidades mestiza, criolla, afrocaribe\u00f1a, extranjera en general y, en algunos casos, ind\u00edgena, por la identidad ladina, que a partir de entonces adquiere la categor\u00eda de identidad oficial dominante.<\/p>\n\n\n\n<h2 class=\"wp-block-heading\"><strong>Los posibles efectos de la actual guerra comercial<\/strong><br><em>Lic. Carlos Morales L\u00f3pez<\/em><\/h2>\n\n\n\n<p class=\"has-cyan-bluish-gray-background-color has-background\" style=\"font-size:16px\">La econom\u00eda global vive un momento de incertidumbre luego de un per\u00edodo relativamente estable en las relaciones comerciales a nivel mundial. En la actual guerra arancelaria deben observarse con atenci\u00f3n las posibles causas y los efectos en el crecimiento econ\u00f3mico de las naciones. En el caso de las econom\u00edas latinoamericanas que han fortalecido sus relaciones comerciales con el mercado norteamericano por la participaci\u00f3n en cadenas productivas m\u00e1s amplias durante los \u00faltimos a\u00f1os, el grado de exposici\u00f3n puede ser mayor. En esta incertidumbre algunos pa\u00edses se anticiparon y ampliaron sus relaciones comerciales con otros bloques econ\u00f3micos, lo que significa una ventaja en estas condiciones. Con la incertidumbre en el corto plazo, esta guerra arancelaria puede ser una oportunidad para que las naciones determinen libremente las relaciones comerciales que a futuro les permitan obtener ventajas para transitar hacia la ruta del desarrollo econ\u00f3mico y social.<\/p>\n\n\n\n<h2 class=\"wp-block-heading\"><strong>Empleo juvenil: realidades y desaf\u00edos de una asignatura pendiente<\/strong><br><em>Dra. Herlem Isol Reyes L\u00f3pez<\/em><\/h2>\n\n\n\n<p class=\"has-white-background-color has-background\" style=\"font-size:16px\">Promover los derechos humanos de la juventud implica asegurar el disfrute completo de sus libertades fundamentales y centrar la atenci\u00f3n en las realidades y obst\u00e1culos que afrontan como poblaci\u00f3n en raz\u00f3n de su edad. Entre estas realidades, la discriminaci\u00f3n para acceder a un empleo productivo y un trabajo decente en igualdad de condiciones con sus pares adultos, que les asegure est\u00e1ndares de ingresos de forma equitativa, crecimiento econ\u00f3mico, igualdad de oportunidades, seguridad en el trabajo y protecci\u00f3n social, vistos como factores determinantes para alcanzar su desarrollo y realizaci\u00f3n personal. Sin embargo, se menciona que, entre las caracter\u00edsticas de la precariedad laboral que enfrentan los j\u00f3venes, la tasa de desempleo juvenil (15-24 a\u00f1os), es tres veces mayor al promedio de desempleo que se presenta a nivel nacional, y de la poblaci\u00f3n ocupada en el sector informal, los j\u00f3venes (entre 15 y 17; y entre 18 a 30 a\u00f1os) representan m\u00e1s de la mitad de los trabajadores en este sector. Asimismo, en el pa\u00eds la tasa de j\u00f3venes que ni trabajan, ni estudian, ni reciben formaci\u00f3n profesional (ninis) es superior en m\u00e1s de doce puntos porcentuales de lo que refiere la proporci\u00f3n de ninis a nivel de Am\u00e9rica Latina y el Caribe, con un aumento significativo durante los \u00faltimos a\u00f1os. Bajo este escenario laboral de realidades y desaf\u00edos laborales y de demandas insatisfechas, el empleo juvenil desde una perspectiva de empleo productivo y trabajo decente para los j\u00f3venes se considera una asignatura pendiente.<\/p>\n\n\n\n<h2 class=\"wp-block-heading\"><strong>Persistencia del desempleo estructural en Guatemala: An\u00e1lisis de hist\u00e9resis en el mercado laboral pos-COVID-19<\/strong><br><em>Carlos Enrique Solis Garc\u00eda<\/em><\/h2>\n\n\n\n<p class=\"has-cyan-bluish-gray-background-color has-background\" style=\"font-size:16px\">El presente estudio examina la persistencia del desempleo estructural en Guatemala en el contexto pos-COVID-19, con el objetivo de identificar evidencia emp\u00edrica de hist\u00e9resis en el mercado laboral durante el per\u00edodo 2019-2024. A partir de un enfoque cualitativo con soporte en an\u00e1lisis cuantitativo de tipo descriptivo, basado en la revisi\u00f3n sistem\u00e1tica de indicadores de mercado laboral de fuentes secundarias oficiales, se examinan las din\u00e1micas del empleo, la informalidad, los salarios y otros factores estructurales, utilizando datos provenientes de fuentes oficiales como el Instituto Nacional de Estad\u00edstica, el Banco de Guatemala, la Organizaci\u00f3n Internacional del Trabajo y la Comisi\u00f3n Econ\u00f3mica para Am\u00e9rica Latina y el Caribe.<br><br>Los resultados establecen una divergencia estructural entre el crecimiento del Producto Interno Bruto y la generaci\u00f3n de empleo formal, lo que confirma la presencia de hist\u00e9resis laboral. Asimismo, se identifican factores estructurales que profundizan esta persistencia, entre los que destacan la alta informalidad, las desigualdades socioecon\u00f3micas, la brecha digital y la migraci\u00f3n laboral. Estos elementos limitan la capacidad del mercado laboral para absorber la fuerza de trabajo en condiciones formales y de calidad.<br><br>Se concluye que la persistencia del desempleo en Guatemala responde a limitaciones estructurales del modelo productivo y a debilidades institucionales que impiden una recuperaci\u00f3n laboral inclusiva. En consecuencia, se plantean lineamientos de pol\u00edtica p\u00fablica orientados a la formalizaci\u00f3n del empleo, el fortalecimiento de la protecci\u00f3n social y la inversi\u00f3n en capital humano y conectividad digital.<br><br>Palabras clave: desempleo estructural, hist\u00e9resis laboral, informalidad, mercado laboral, Guatemala, pos-COVID-19.<\/p>\n\n\n\n<h2 class=\"wp-block-heading\"><strong>Periodizaci\u00f3n de la agroexportaci\u00f3n. Productos cultivados. Consolidaci\u00f3n y ampliaci\u00f3n del modelo econ\u00f3mico primario capitalista hacia afuera<\/strong><br><em>Miguel \u00c1ngel Castro<\/em><\/h2>\n\n\n\n<p class=\"has-white-background-color has-background\" style=\"font-size:16px\">En esta investigaci\u00f3n se ensayar\u00e1 configurar, cu\u00e1les han sido los principales per\u00edodos por los que ha transitado la agricultura y agroexportaci\u00f3n, teniendo como origen o punto de partida la \u00e9poca colonial, con las primeras materias primas producidas y exportadas por Guatemala, reconociendo que hist\u00f3ricamente fueron el a\u00f1il, la grana incluyendo el cacao, pues antes de la \u201cconquista\u201d era inexistente la actividad agroexportadora, aunque se realizaban intercambios entre las mismas comunidades en el \u00e1mbito interno. <br><br>De otra parte, se ha realizado una caracterizaci\u00f3n de los principales aspectos de la econom\u00eda nacional en cada per\u00edodo.<br><br>Las etapas a las que nos referimos son:<\/p>\n\n\n\n<figure class=\"wp-block-table\"><table><tbody><tr><td>Per\u00edodo Precolonial:<\/td><td>Inexistencia de la Agroexportaci\u00f3n.<\/td><\/tr><tr><td>Per\u00edodo Colonial:<\/td><td>Inicios humildes de la Agroexportaci\u00f3n.<\/td><\/tr><tr><td>Per\u00edodo Liberal:<\/td><td>Cultivo del Caf\u00e9 y otros.<\/td><\/tr><tr><td>Per\u00edodo 1944 a Primer cuarto del Siglo XXI:<\/td><td>Relativa diversificaci\u00f3n de la producci\u00f3n y oferta agroexportable.<\/td><\/tr><\/tbody><\/table><\/figure>\n\n\n\n<p class=\"has-white-background-color has-background\" style=\"font-size:16px\">En el caso de la grana, tambi\u00e9n conocida como cochinilla en sentido estricto no es un bien de origen agr\u00edcola, ya que es producida por un insecto de ese nombre que se reproduce en un arbusto llamado Nopal, del que se extrae un colorante o tinte de fuerte color rojo. Es por ello que se puede decir que los 2 productos, que sentaron las bases de la agroexportaci\u00f3n en Guatemala son la grana y el a\u00f1il que es un colorante azul. Ambos bienes fueron muy significativos para la econom\u00eda de la \u00e9poca colonial. <br><br>El otro producto fue el cacao tambi\u00e9n importante para iniciar las relaciones comerciales, desde luego reconociendo que fueron bienes elaborados bajo la forma de una producci\u00f3n de cooperaci\u00f3n simple, pues no exist\u00edan contrataciones de fuerza de trabajo asalariada.<br><br>En Guatemala es la tr\u00edada del a\u00f1il, cacao y grana el fundamento para cimentar e iniciar en fases posteriores el desarrollo de la agroexportaci\u00f3n, de relaciones mercantiles capitalistas, del comercio internacional seg\u00fan ocurre hoy en d\u00eda. Como es dominio p\u00fablico el destino de estos bienes fue desaparecer, debido a que se sustituyeron por medio del conocimiento cient\u00edfico, por materias primas de tipo industrial, con excepci\u00f3n del cacao que sigue presente en la vida econ\u00f3mica de Guatemala, aunque sin ser un bien estrat\u00e9gico para la econom\u00eda nacional.<br><br>Despu\u00e9s aparecen cultivos como el caf\u00e9, algod\u00f3n, banano, ca\u00f1a de az\u00facar y as\u00ed sucesivamente, donde la oferta exportable al igual que en el pasado, ha sido cambiante en funci\u00f3n de las necesidades requeridas por el mercado internacional, con la diferencia que hoy en d\u00eda es m\u00e1s limitada por la competencia, por precios menores, abundante oferta, reconociendo que hay bienes de menor participaci\u00f3n, aunque en el entendido que la canasta de valores de uso agr\u00edcolas de exportaci\u00f3n se mantiene.<br><br>Si bien los productos mencionados personifican la g\u00e9nesis de la agroexportaci\u00f3n, tambi\u00e9n representan el inicio primitivo en la configuraci\u00f3n de la econom\u00eda nacional hacia afuera, mantenida por varias centurias, caracterizaci\u00f3n que no es nueva, por tanto, tampoco reciente, pues se remontan al per\u00edodo colonial y poscolonial, as\u00ed como a otros acontecimientos trascendentales que han marcado el rumbo socioecon\u00f3mico de Guatemala en dicho sentido como la Reforma Liberal en 1871.<\/p>\n\n\n\n<hr class=\"wp-block-separator has-alpha-channel-opacity\"\/>\n\n\n<div class=\"wp-block-image\">\n<figure class=\"aligncenter size-full is-resized\"><img decoding=\"async\" loading=\"lazy\" src=\"https:\/\/iies.usac.edu.gt\/wp-content\/uploads\/2026\/04\/Portada-Revista-Economia-No.-247-ene-mar-2026.jpeg\" alt=\"\" class=\"wp-image-2654\" width=\"479\" height=\"640\" srcset=\"https:\/\/iies.usac.edu.gt\/wp-content\/uploads\/2026\/04\/Portada-Revista-Economia-No.-247-ene-mar-2026.jpeg 638w, https:\/\/iies.usac.edu.gt\/wp-content\/uploads\/2026\/04\/Portada-Revista-Economia-No.-247-ene-mar-2026-224x300.jpeg 224w\" sizes=\"(max-width: 479px) 100vw, 479px\" \/><\/figure><\/div>\n\n\n<hr class=\"wp-block-separator has-alpha-channel-opacity\"\/>\n\n\n\n<div class=\"wp-block-buttons is-layout-flex\">\n<div class=\"wp-block-button\"><a class=\"wp-block-button__link has-vivid-red-background-color has-background wp-element-button\" href=\"https:\/\/iies.usac.edu.gt\/wp-content\/uploads\/2026\/04\/Revista-Economia-No.-247-enero-marzo-2026.pdf\" target=\"_blank\" rel=\"noreferrer noopener\">Descargar Revista en PDF<\/a><\/div>\n<\/div>\n","protected":false},"excerpt":{"rendered":"<p>Revista Econom\u00eda No. 247 enero &#8211; marzo 2026<\/p>\n","protected":false},"author":2,"featured_media":2655,"comment_status":"closed","ping_status":"closed","sticky":false,"template":"","format":"standard","meta":[],"categories":[44,2],"tags":[],"_links":{"self":[{"href":"https:\/\/iies.usac.edu.gt\/index.php\/wp-json\/wp\/v2\/posts\/2652"}],"collection":[{"href":"https:\/\/iies.usac.edu.gt\/index.php\/wp-json\/wp\/v2\/posts"}],"about":[{"href":"https:\/\/iies.usac.edu.gt\/index.php\/wp-json\/wp\/v2\/types\/post"}],"author":[{"embeddable":true,"href":"https:\/\/iies.usac.edu.gt\/index.php\/wp-json\/wp\/v2\/users\/2"}],"replies":[{"embeddable":true,"href":"https:\/\/iies.usac.edu.gt\/index.php\/wp-json\/wp\/v2\/comments?post=2652"}],"version-history":[{"count":1,"href":"https:\/\/iies.usac.edu.gt\/index.php\/wp-json\/wp\/v2\/posts\/2652\/revisions"}],"predecessor-version":[{"id":2656,"href":"https:\/\/iies.usac.edu.gt\/index.php\/wp-json\/wp\/v2\/posts\/2652\/revisions\/2656"}],"wp:featuredmedia":[{"embeddable":true,"href":"https:\/\/iies.usac.edu.gt\/index.php\/wp-json\/wp\/v2\/media\/2655"}],"wp:attachment":[{"href":"https:\/\/iies.usac.edu.gt\/index.php\/wp-json\/wp\/v2\/media?parent=2652"}],"wp:term":[{"taxonomy":"category","embeddable":true,"href":"https:\/\/iies.usac.edu.gt\/index.php\/wp-json\/wp\/v2\/categories?post=2652"},{"taxonomy":"post_tag","embeddable":true,"href":"https:\/\/iies.usac.edu.gt\/index.php\/wp-json\/wp\/v2\/tags?post=2652"}],"curies":[{"name":"wp","href":"https:\/\/api.w.org\/{rel}","templated":true}]}}