{"id":2167,"date":"2025-04-03T16:31:07","date_gmt":"2025-04-03T16:31:07","guid":{"rendered":"https:\/\/iies.usac.edu.gt\/?p=2167"},"modified":"2025-04-08T18:00:45","modified_gmt":"2025-04-08T18:00:45","slug":"revista-economia-no-243-enero-marzo-2025","status":"publish","type":"post","link":"https:\/\/iies.usac.edu.gt\/index.php\/2025\/04\/03\/revista-economia-no-243-enero-marzo-2025\/","title":{"rendered":"Revista Econom\u00eda No. 243, enero &#8211; marzo 2025"},"content":{"rendered":"\n<p class=\"has-text-align-center\" style=\"font-size:22px\"><strong>Presentaci\u00f3n<\/strong><\/p>\n\n\n\n<p style=\"font-size:18px\">El Instituto de Investigaciones Econ\u00f3micas y Sociales (IIES), como parte de sus funciones investigativas se complace presentar al p\u00fablico lector la Revista Econom\u00eda No. 243, enero \u2013 marzo de 2025, con diversos temas econ\u00f3micos, sociales, pol\u00edticos y estructurales de la realidad guatemalteca.<br><br>En esta oportunidad la Revista No. 243 contiene cuatro art\u00edculos elaborados por miembros del equipo de investigaci\u00f3n del Instituto, los cuales se titulan: El subempleo como desempleo latente en Guatemala: un estudio descriptivo para poner el foco en la calidad del empleo, autora MSc. Andrely Cisneros; El urbanismo actual, transformaciones territoriales y efectos socioecon\u00f3micos, autor Lic. Carlos Morales L\u00f3pez; Una mirada al edadismo en el campo laboral, autora Dra. Herlem Isol Reyes L\u00f3pez; y, Las tramas de las elecciones generales de 2023 en Guatemala (desde la comunicaci\u00f3n de los resultados de la primera vuelta hasta la conclusi\u00f3n del proceso electoral), autor Dr. Jorge Murga Armas.<br><br>Firme con su compromiso con la sociedad guatemalteca, el IIES enfatiza su obligaci\u00f3n acad\u00e9mica e institucional de realizar sus investigaciones econ\u00f3micas y sociales de forma objetiva, cr\u00edtica y constructiva, con el fin primordial de identificar las causas y buscar e indicar alternativas de soluci\u00f3n a la problem\u00e1tica socioecon\u00f3mica y pol\u00edtica del pa\u00eds.<\/p>\n\n\n\n<p class=\"has-text-align-right\" style=\"font-size:18px\">Guatemala, marzo de 2025<\/p>\n\n\n\n<p class=\"has-text-align-center\" style=\"font-size:18px\"><strong>\u201cId y ense\u00f1ad a todos\u201d<\/strong><\/p>\n\n\n\n<p class=\"has-text-align-center has-white-color has-luminous-vivid-orange-background-color has-text-color has-background has-medium-font-size\"><strong>Contenido<\/strong><\/p>\n\n\n\n<h2 class=\"wp-block-heading\"><strong>El subempleo como desempleo latente en Guatemala: un estudio descriptivo para poner el foco en la calidad del empleo<br><\/strong><em>MSc. Andrely Cisneros<\/em><\/h2>\n\n\n\n<p class=\"has-white-background-color has-background\" style=\"font-size:18px\">Expone que Guatemala se ha destacado por mantener una estabilidad macroecon\u00f3mica sostenida, sin embargo, a pesar de un crecimiento constante, los indicadores del mercado laboral no han mejorado de forma sustancial. Asimismo, aunque las tasas de desempleo son bajas, incluso por debajo del promedio mundial y de la regi\u00f3n de Am\u00e9rica Latina, persisten niveles alarmantes de subempleo e informalidad laboral, los cuales afectan gravemente la calidad del empleo en el pa\u00eds. <br><br>Considerando la poca importancia que se le ha dado al fen\u00f3meno del subempleo, el cual afecta casi al 12% de los guatemaltecos econ\u00f3micamente activos, y que, adem\u00e1s, representa un problema estructural en el mercado laboral de Guatemala, el presente art\u00edculo busca evidenciar dicho fen\u00f3meno y analizar sus efectos socioecon\u00f3micos, con el objetivo de identificar a los grupos poblacionales m\u00e1s afectados. Estas personas al no contar con empleos de calidad, enfrentan ingresos reducidos que muchas veces no alcanza para cubrir el costo de la Canasta B\u00e1sica de Alimentos (CBA).<br><br>Es importante destacar que, aunque las personas en situaci\u00f3n de subempleo son contabilizadas como parte de la fuerza laboral ocupada, su empleo es precario, lo que las coloca en una condici\u00f3n de pobreza. Adem\u00e1s, muchas de estas personas no logran utilizar adecuadamente sus habilidades t\u00e9cnicas o profesionales, lo que contribuye a la subutilizaci\u00f3n de las capacidades.<br><br>A pesar de los impactos negativos que genera en la productividad y bienestar de los trabajadores, el subempleo no ha recibido la suficiente atenci\u00f3n, por lo tanto, se hace necesario abordar dicho tema, ya que muchas personas podr\u00edan estar trabajando por salarios aun por debajo del m\u00ednimo establecido considerando las pocas horas de trabajo por las cuales son contratados.<\/p>\n\n\n\n<h2 class=\"wp-block-heading\"><strong>El urbanismo actual, transformaciones territoriales y efectos socioecon\u00f3micos<\/strong><br><em>Lic. Carlos Morales L\u00f3pez<\/em><\/h2>\n\n\n\n<p class=\"has-cyan-bluish-gray-background-color has-background\" style=\"font-size:18px\">Expone que el crecimiento del sector construcci\u00f3n ha sido significativo en los \u00faltimos a\u00f1os y bajo ciertas categor\u00edas, este dejo de considerar aspectos esenciales en el crecimiento de los sectores urbano y rural. Esto ha sido posible gracias a la atenci\u00f3n m\u00ednima que desde lo p\u00fablico se presta a las modificaciones que se dan dentro del territorio. Estas modificaciones no pueden ser descontroladas y sustentadas en la rentabilidad \u00fanicamente ya que muchos de los recursos existentes en el territorio tienen una funci\u00f3n social para los habitantes. La atenci\u00f3n a la demanda habitacional de todos guatemaltecos debe considerar que la satisfacci\u00f3n de esta necesidad no debe atentar contra el resto de la sociedad. Reconocer el valor de estos recursos y el l\u00edmite en el uso de los mismos puede contribuir al crecimiento y desarrollo armonioso del territorio.<\/p>\n\n\n\n<h2 class=\"wp-block-heading\"><strong>Una mirada al edadismo en el campo laboral<\/strong><br><em>Dra. Herlem Isol Reyes L\u00f3pez<\/em><\/h2>\n\n\n\n<p class=\"has-white-background-color has-background\" style=\"font-size:18px\">Se se\u00f1ala que en la actualidad la discriminaci\u00f3n por razones de edad, equivalente al edadismo, constituye una de las formas y pr\u00e1cticas de discriminaci\u00f3n, exclusi\u00f3n y segregaci\u00f3n mayormente generalizada en todas las sociedades, superando inclusive al sexismo y racismo, con efectos contraproducentes y de largo plazo en la vida y en la salud f\u00edsica y mental de las personas, quienes se ven confrontadas en su proceso de integraci\u00f3n intergeneracional por el simple hecho de aumentar su edad.<br><br>En el campo laboral, la discriminaci\u00f3n por razones de edad, denominado edadismo laboral, se encuentra cada vez m\u00e1s extendido en las empresas, se normalizan estereotipos, prejuicios y actitudes discriminatorias para limitar el acceso a un puesto de trabajo o para reducir oportunidades de desarrollo a lo largo de la vida laboral de los trabajadores. Se utiliza la edad como un criterio determinante para la toma de decisiones en el proceso de reclutamiento y selecci\u00f3n de personal y para el ascenso a puestos clave.<br><br>Aunque en muchas ocasiones las pr\u00e1cticas y actitudes discriminatorias por razones de edad se les considera como parte de la competitividad de las empresas y de la imagen corporativa que se quiere proyectar, lo cierto es que el edadismo en el lugar de trabajo es una realidad que impacta negativamente la vida de los trabajadores y sus familias y aunque no se perciba, tambi\u00e9n la productividad de las organizaciones y empresas y la econom\u00eda de las sociedades en general.<br><br>Parte de los desaf\u00edos del edadismo laboral es la escasa literatura e informaci\u00f3n sobre la tem\u00e1tica. Comprender las causas, efectos y alcances que conllevan los pr\u00e1cticas y actitudes discriminatorias por razones de edad, se considera un factor clave para repensar el tipo de sociedades que se est\u00e1n construyendo y los principios y valores humanos que la sostienen.<\/p>\n\n\n\n<h2 class=\"wp-block-heading\"><strong>Las tramas de las elecciones generales de 2023 en Guatemala (desde la comunicaci\u00f3n de los resultados de la primera vuelta hasta la conclusi\u00f3n del proceso electoral)<\/strong><br><em>Dr. Jorge Murga Armas<\/em><\/h2>\n\n\n\n<p class=\"has-cyan-bluish-gray-background-color has-background\" style=\"font-size:18px\">Indica que el an\u00e1lisis del proceso de adjudicaci\u00f3n de los sistemas inform\u00e1ticos revel\u00f3 las dudas y desacuerdos de diversos actores pol\u00edticos y de la sociedad civil sobre su adquisici\u00f3n y sirve de antesala para entender las acusaciones de fraude electoral que tendr\u00e1n lugar durante la elecci\u00f3n de alcalde de la Ciudad de Guatemala y la elecci\u00f3n de Presidente de la Rep\u00fablica. As\u00ed, el art\u00edculo analiza el caso \u00abCorrupci\u00f3n Semilla\u00bb presentado por el Ministerio P\u00fablico justo despu\u00e9s de la primera vuelta electoral, tratando de esclarecer la cuesti\u00f3n de si este caso es realmente una trama de corrupci\u00f3n o una triqui\u00f1uela legal. Tras analizar el inicio de las protestas sociales y las din\u00e1micas jur\u00eddicas, pol\u00edticas y sociales que este contexto gener\u00f3, complementa el an\u00e1lisis de la campa\u00f1a electoral de la primera vuelta para mostrar c\u00f3mo el pol\u00e9mico triunfo de Bernardo Ar\u00e9valo en las elecciones presidenciales no ha supuesto el fin de las disputas entre los dos grupos de poder que se disputan el control del Ejecutivo.<\/p>\n\n\n\n<hr class=\"wp-block-separator has-alpha-channel-opacity\"\/>\n\n\n<div class=\"wp-block-image\">\n<figure class=\"aligncenter size-full is-resized\"><img decoding=\"async\" loading=\"lazy\" src=\"https:\/\/iies.usac.edu.gt\/wp-content\/uploads\/2025\/04\/Portada-Revista-Economia-No.-243-enero-marzo-2025.jpg\" alt=\"\" class=\"wp-image-2170\" width=\"467\" height=\"620\" srcset=\"https:\/\/iies.usac.edu.gt\/wp-content\/uploads\/2025\/04\/Portada-Revista-Economia-No.-243-enero-marzo-2025.jpg 623w, https:\/\/iies.usac.edu.gt\/wp-content\/uploads\/2025\/04\/Portada-Revista-Economia-No.-243-enero-marzo-2025-226x300.jpg 226w\" sizes=\"(max-width: 467px) 100vw, 467px\" \/><\/figure><\/div>\n\n\n<hr class=\"wp-block-separator has-alpha-channel-opacity\"\/>\n\n\n\n<div class=\"wp-block-buttons is-layout-flex\">\n<div class=\"wp-block-button\"><a class=\"wp-block-button__link has-vivid-red-background-color has-background wp-element-button\" href=\"https:\/\/iies.usac.edu.gt\/wp-content\/uploads\/2025\/04\/Revista-Economia-No.-243-enero-marzo-2025.pdf\" target=\"_blank\" rel=\"noreferrer noopener\">Descargar Revista en PDF<\/a><\/div>\n<\/div>\n","protected":false},"excerpt":{"rendered":"<p>El subempleo como desempleo latente en Guatemala: un estudio descriptivo para poner el foco en la calidad del empleo, MSc. Andrely Cisneros. \/ El urbanismo actual, transformaciones territoriales y efectos socioecon\u00f3micos, Lic. Carlos Morales L\u00f3pez. \/ Una mirada al edadismo en el campo laboral, Dra. Herlem Isol Reyes L\u00f3pez. \/ Las tramas de las elecciones generales de 2023 en Guatemala (desde la comunicaci\u00f3n de los resultados de la primera vuelta hasta la conclusi\u00f3n del proceso electoral), Dr. Jorge Murga Armas.<\/p>\n","protected":false},"author":2,"featured_media":2169,"comment_status":"closed","ping_status":"closed","sticky":false,"template":"","format":"standard","meta":[],"categories":[41,2],"tags":[],"_links":{"self":[{"href":"https:\/\/iies.usac.edu.gt\/index.php\/wp-json\/wp\/v2\/posts\/2167"}],"collection":[{"href":"https:\/\/iies.usac.edu.gt\/index.php\/wp-json\/wp\/v2\/posts"}],"about":[{"href":"https:\/\/iies.usac.edu.gt\/index.php\/wp-json\/wp\/v2\/types\/post"}],"author":[{"embeddable":true,"href":"https:\/\/iies.usac.edu.gt\/index.php\/wp-json\/wp\/v2\/users\/2"}],"replies":[{"embeddable":true,"href":"https:\/\/iies.usac.edu.gt\/index.php\/wp-json\/wp\/v2\/comments?post=2167"}],"version-history":[{"count":3,"href":"https:\/\/iies.usac.edu.gt\/index.php\/wp-json\/wp\/v2\/posts\/2167\/revisions"}],"predecessor-version":[{"id":2174,"href":"https:\/\/iies.usac.edu.gt\/index.php\/wp-json\/wp\/v2\/posts\/2167\/revisions\/2174"}],"wp:featuredmedia":[{"embeddable":true,"href":"https:\/\/iies.usac.edu.gt\/index.php\/wp-json\/wp\/v2\/media\/2169"}],"wp:attachment":[{"href":"https:\/\/iies.usac.edu.gt\/index.php\/wp-json\/wp\/v2\/media?parent=2167"}],"wp:term":[{"taxonomy":"category","embeddable":true,"href":"https:\/\/iies.usac.edu.gt\/index.php\/wp-json\/wp\/v2\/categories?post=2167"},{"taxonomy":"post_tag","embeddable":true,"href":"https:\/\/iies.usac.edu.gt\/index.php\/wp-json\/wp\/v2\/tags?post=2167"}],"curies":[{"name":"wp","href":"https:\/\/api.w.org\/{rel}","templated":true}]}}