{"id":1470,"date":"2022-06-02T23:51:24","date_gmt":"2022-06-02T23:51:24","guid":{"rendered":"https:\/\/iies.usac.edu.gt\/?p=1470"},"modified":"2022-06-27T18:27:22","modified_gmt":"2022-06-27T18:27:22","slug":"revista-economia-no-232-abril-junio-2022","status":"publish","type":"post","link":"https:\/\/iies.usac.edu.gt\/index.php\/2022\/06\/02\/revista-economia-no-232-abril-junio-2022\/","title":{"rendered":"Revista Econom\u00eda No. 232 abril \u2013 junio 2022"},"content":{"rendered":"\n<p class=\"has-text-align-center has-medium-font-size\"><strong>Presentaci\u00f3n<\/strong><\/p>\n\n\n\n<p class=\"has-medium-font-size\">El Instituto de Investigaciones Econ\u00f3micas y Sociales (IIES), se complace en presentar la Revista Econom\u00eda No. 232, abril \u2013 junio de 2022, con art\u00edculos diversos sobre temas sociales, de educaci\u00f3n y tecnolog\u00eda, redes sociales y pandemia covid-19 y endeudamiento p\u00fablico.<\/p>\n\n\n\n<p class=\"has-text-color has-background has-text-align-center has-medium-font-size has-very-light-gray-color has-very-dark-gray-background-color\"><strong>Contenido<\/strong><\/p>\n\n\n\n<h3 class=\"wp-block-heading\"><strong>Los Adultos Mayores en Guatemala y la Agenda 2030 de Desarrollo Sostenible.<br><\/strong><em>Dra. Herlem Isol Reyes L\u00f3pez<\/em><\/h3>\n\n\n\n<p style=\"background-color:#ffffff;font-size:15px\" class=\"has-background\"><strong>I. Introducci\u00f3n<\/strong><br><br>Los Objetivos de Desarrollo Sostenible (ODS) y\/o Agenda 2030 de Desarrollo Sostenible como tambi\u00e9n se les denomina, fueron aprobados por los Estados Miembros de Naciones Unidas en el marco de la Cumbre Mundial sobre Desarrollo Sostenible celebrada en 2015. Son aplicables a trav\u00e9s de una Agenda que incluye 17 Objetivos y 169 metas, fijando a trav\u00e9s de sus enunciados, el horizonte de acciones encaminadas para lograr el bienestar de las personas y del planeta en el per\u00edodo de 2015 a 2030.<br><br>Los ODS son de cobertura universal, a diferencia de los Objetivos de Desarrollo del Milenio (ODM) que estaban dirigidos principalmente a los pa\u00edses con econom\u00edas en desarrollo. Constituyen en la actualidad, el instrumento rector que incluye lineamientos de pol\u00edtica global de desarrollo sobre el cual los pa\u00edses, gobiernos, empresas y la sociedad en general deber\u00edan de enfocar sus esfuerzos para reducir o poner fin a la pobreza a nivel mundial, afrontar las desigualdades, favorecer el crecimiento econ\u00f3mico, la inclusi\u00f3n social y la protecci\u00f3n del medio ambiente, entre otros temas.<\/p>\n\n\n\n<h3 class=\"wp-block-heading\"><strong>Educaci\u00f3n y Tecnolog\u00eda para la Innovaci\u00f3n y el Desarrollo del Pa\u00eds.<br><\/strong><em>Lic. Carlos Morales L\u00f3pez<\/em><\/h3>\n\n\n\n<p style=\"font-size:15px\" class=\"has-background has-very-light-gray-background-color\"><strong>Introducci\u00f3n<\/strong><br><br>La generaci\u00f3n de conocimiento ha provocado grandes cambios a escala planetaria durante las \u00faltimas d\u00e9cadas. Los pa\u00edses m\u00e1s avanzados de Am\u00e9rica, Europa y Asia modificaron sus agendas pol\u00edticas para producir el conocimiento que les permita resolver diferentes problemas. Estas manifestaciones son visibles en \u00e1reas como la comunicaci\u00f3n, la salud, la educaci\u00f3n, la agricultura y la carrera por conquistar el espacio exterior, entre otras. Es la generaci\u00f3n de conocimiento una herramienta clave en la competencia por dominar el mundo. Para los pa\u00edses menos desarrollados la generaci\u00f3n de conocimiento no ha sido una tarea sencilla. La tecnoglobalizaci\u00f3n o globalizaci\u00f3n de la inform\u00e1tica poco ha colaborado en la reducci\u00f3n de la brecha existente entre los pa\u00edses. Por tal motivo, los pa\u00edses menos desarrollados como Guatemala, se han esforzado de distintas maneras para enfrentar este reto. Las evaluaciones e indicadores internacionales colocan a Guatemala en los \u00faltimos lugares a nivel latinoamericano y entre los que menos invierten en investigaci\u00f3n b\u00e1sica como fuente de la generaci\u00f3n de conocimiento e innovaci\u00f3n. La aprobaci\u00f3n de una pol\u00edtica de desarrollo cient\u00edfico a 2032 es un buen indicio, pero resulta insuficiente sin la inversi\u00f3n necesaria en educaci\u00f3n e investigaci\u00f3n para la generaci\u00f3n de conocimiento e innovaci\u00f3n. La vinculaci\u00f3n de la educaci\u00f3n superior a la investigaci\u00f3n en \u00e1reas espec\u00edficas es primordial y es la educaci\u00f3n superior de car\u00e1cter p\u00fablico la llamada a liderar esta acci\u00f3n.<\/p>\n\n\n\n<h3 class=\"wp-block-heading\"><strong>Los Efectos de la Pandemia Covid-19 al Utilizar las Redes Sociales como Instrumento Pr\u00e1ctico y de Participaci\u00f3n Social y Laboral.<br><\/strong><em>MSc. M\u00f3nica Floridalma Hidalgo Motta<\/em><\/h3>\n\n\n\n<p style=\"background-color:#ffffff;font-size:15px\" class=\"has-background\"><strong>Introducci\u00f3n<\/strong><br><br>Existen varios elementos que influyen en la evoluci\u00f3n y la importancia de las redes sociales como instrumento pr\u00e1ctico y de participaci\u00f3n social y laboral. Las redes sociales no solamente forman opini\u00f3n, sino que construyen patrones de conducta que permiten que la poblaci\u00f3n se identifique y se sienta parte de la sociedad en la que vive, las redes sociales permiten a la poblaci\u00f3n ser activos e interactivos en los acontecimientos pol\u00edticos, econ\u00f3micos y sociales que se desarrollan en el pa\u00eds a diferencia de los medios de comunicaci\u00f3n tradicionales (prensa, radio y televisi\u00f3n que son pasivos).<br><br>Actualmente, entre los medios de comunicaci\u00f3n m\u00e1s utilizados, se puede mencionar el internet, esto se debe a varios factores como la accesibilidad y la inmediatez con la que se transmiten los mensajes, ya que permite a las personas consumir material audiovisual en el instante en que es publicado y adem\u00e1s, comunicar su opini\u00f3n.<\/p>\n\n\n\n<h3 class=\"wp-block-heading\"><strong>Caracterizaci\u00f3n del Endeudamiento P\u00fablico de Guatemala Durante el Per\u00edodo: 2012-2021.<br><\/strong><em>Lic. Miguel \u00c1ngel Castro P\u00e9rez<\/em><\/h3>\n\n\n\n<p style=\"font-size:15px\" class=\"has-background has-very-light-gray-background-color\"><strong>I. Introducci\u00f3n<\/strong><br><br>Cuando nos referimos al Endeudamiento P\u00fablico de Guatemala, es claro que comprende sus dos modalidades el endeudamiento interno y externo. Desde luego que ac\u00e1 no se est\u00e1 considerando ning\u00fan tipo de deuda que corresponda a instituciones del sector privado y del sistema bancario nacional. La mayor parte del endeudamiento p\u00fablico externo proviene de Organismos Financieros Internacionales como el Banco Internacional de Desarrollo (BID), el Banco Mundial, Fondo Monetario Internacional (FMI) y otros, es decir son los principales acreedores, aunque tambi\u00e9n existen los acreedores bilaterales entre los que figura la Agencia Internacional para el Desarrollo (AID), Jap\u00f3n-JICA. En cuanto a la deuda interna ha dejado de ser el Banco de Guatemala (BANGUAT), el prestamista del Estado como consecuencia de la reforma del Art\u00edculo 133 constitucional en 1993 en la presidencia de Ramiro De Le\u00f3n Carpio.<br><br>Se puede decir que la contrataci\u00f3n de Deuda P\u00fablica del pa\u00eds es relativamente de origen reciente, pues el ritmo de crecimiento actual tuvo su punto de partida en la denominada era democr\u00e1tica con el gobierno presidido por Marco Vinicio Cerezo Ar\u00e9valo en 1986, aceler\u00e1ndose posteriormente en los sucesivos 35 a\u00f1os, con \u00e9nfasis en los \u00faltimos 3 per\u00edodos de gobierno. Esta etapa entendida como tal, es quiz\u00e1s por el hecho de estar encabezada por un personaje civil, que m\u00e1s bien estableci\u00f3 la matriz de desequilibrios socioecon\u00f3micos, que con el transcurrir del tiempo se amplific\u00f3 con otros presidentes tambi\u00e9n civiles. Este es el caso del Endeudamiento P\u00fablico, que se ha constituido en una pesada carga para las Finanzas P\u00fablicas, pero que al final se personifica en los salarios de los vendedores de la mercanc\u00eda fuerza de trabajo y en el pago de impuestos que realizan los guatemaltecos.<\/p>\n\n\n\n<hr class=\"wp-block-separator is-style-wide\"\/>\n\n\n\n<div class=\"wp-block-image\"><figure class=\"aligncenter size-large is-resized\"><img decoding=\"async\" loading=\"lazy\" src=\"https:\/\/iies.usac.edu.gt\/wp-content\/uploads\/2022\/06\/Portada-Revista-Econom\u00eda-No.-232-abril-junio-2022-rotated.jpg\" alt=\"\" class=\"wp-image-1469\" width=\"315\" height=\"414\" srcset=\"https:\/\/iies.usac.edu.gt\/wp-content\/uploads\/2022\/06\/Portada-Revista-Econom\u00eda-No.-232-abril-junio-2022-rotated.jpg 629w, https:\/\/iies.usac.edu.gt\/wp-content\/uploads\/2022\/06\/Portada-Revista-Econom\u00eda-No.-232-abril-junio-2022-228x300.jpg 228w\" sizes=\"(max-width: 315px) 100vw, 315px\" \/><\/figure><\/div>\n\n\n\n<hr class=\"wp-block-separator is-style-wide\"\/>\n\n\n\n<div class=\"wp-block-buttons is-layout-flex\">\n<div class=\"wp-block-button\"><a class=\"wp-block-button__link has-background has-vivid-red-background-color\" href=\"https:\/\/iies.usac.edu.gt\/wp-content\/uploads\/2022\/06\/Revista-Econom\u00eda-No.-232-abril-junio-2022.pdf\" target=\"_blank\" rel=\"noreferrer noopener\">Descargar Revista en PDF<\/a><\/div>\n<\/div>\n\n\n\n<p><\/p>\n","protected":false},"excerpt":{"rendered":"<p>Los Adultos Mayores en Guatemala y la Agenda 2030 de Desarrollo Sostenible, Dra. Herlem Isol Reyes L\u00f3pez. \/ Educaci\u00f3n y Tecnolog\u00eda para la Innovaci\u00f3n y el Desarrollo del Pa\u00eds, Lic. Carlos Morales L\u00f3pez. \/ Los Efectos de la Pandemia Covid-19 al Utilizar las Redes Sociales como Instrumento Pr\u00e1ctico y de Participaci\u00f3n Social y Laboral, MSc. M\u00f3nica Floridalma Hidalgo Motta. \/ Caracterizaci\u00f3n del Endeudamiento P\u00fablico de Guatemala Durante el Per\u00edodo:  2012-2021, Lic. Miguel \u00c1ngel Castro P\u00e9rez. <\/p>\n","protected":false},"author":2,"featured_media":1468,"comment_status":"open","ping_status":"open","sticky":false,"template":"","format":"standard","meta":[],"categories":[34,2],"tags":[],"_links":{"self":[{"href":"https:\/\/iies.usac.edu.gt\/index.php\/wp-json\/wp\/v2\/posts\/1470"}],"collection":[{"href":"https:\/\/iies.usac.edu.gt\/index.php\/wp-json\/wp\/v2\/posts"}],"about":[{"href":"https:\/\/iies.usac.edu.gt\/index.php\/wp-json\/wp\/v2\/types\/post"}],"author":[{"embeddable":true,"href":"https:\/\/iies.usac.edu.gt\/index.php\/wp-json\/wp\/v2\/users\/2"}],"replies":[{"embeddable":true,"href":"https:\/\/iies.usac.edu.gt\/index.php\/wp-json\/wp\/v2\/comments?post=1470"}],"version-history":[{"count":2,"href":"https:\/\/iies.usac.edu.gt\/index.php\/wp-json\/wp\/v2\/posts\/1470\/revisions"}],"predecessor-version":[{"id":1508,"href":"https:\/\/iies.usac.edu.gt\/index.php\/wp-json\/wp\/v2\/posts\/1470\/revisions\/1508"}],"wp:featuredmedia":[{"embeddable":true,"href":"https:\/\/iies.usac.edu.gt\/index.php\/wp-json\/wp\/v2\/media\/1468"}],"wp:attachment":[{"href":"https:\/\/iies.usac.edu.gt\/index.php\/wp-json\/wp\/v2\/media?parent=1470"}],"wp:term":[{"taxonomy":"category","embeddable":true,"href":"https:\/\/iies.usac.edu.gt\/index.php\/wp-json\/wp\/v2\/categories?post=1470"},{"taxonomy":"post_tag","embeddable":true,"href":"https:\/\/iies.usac.edu.gt\/index.php\/wp-json\/wp\/v2\/tags?post=1470"}],"curies":[{"name":"wp","href":"https:\/\/api.w.org\/{rel}","templated":true}]}}