{"id":1250,"date":"2021-07-16T18:46:54","date_gmt":"2021-07-16T18:46:54","guid":{"rendered":"https:\/\/iies.usac.edu.gt\/?p=1250"},"modified":"2021-07-16T19:09:41","modified_gmt":"2021-07-16T19:09:41","slug":"revista-economia-no-186-octubre-diciembre-2010","status":"publish","type":"post","link":"https:\/\/iies.usac.edu.gt\/index.php\/2021\/07\/16\/revista-economia-no-186-octubre-diciembre-2010\/","title":{"rendered":"Revista Econom\u00eda No. 186 octubre \u2013 diciembre 2010"},"content":{"rendered":"\n<p class=\"has-medium-font-size\">El Instituto de Investigaciones Econ\u00f3micas y Sociales -IIES- de la Universidad de San Carlos de Guatemala, presenta a sus lectores la Revista Econom\u00eda No. 186, correspondiente al trimestre octubre-diciembre 2010.<\/p>\n\n\n\n<p style=\"color:#ffffff\" class=\"has-text-color has-background has-text-align-center has-very-dark-gray-background-color\"><strong>Contenido<\/strong><\/p>\n\n\n\n<h3 class=\"wp-block-heading\"><strong>Modernidad y \u201cdesarrollo\u201d en Santiago Atitl\u00e1n<\/strong><br><em>Dr. Jorge Murga Armas<\/em><\/h3>\n\n\n\n<p style=\"background-color:#ffffff\" class=\"has-background has-small-font-size\"><strong>Introducci\u00f3n<\/strong><br><br>En la segunda mitad del siglo XX, en el momento en que los \u201cespecialistas\u201d del desarrollo se proponen definir te\u00f3ricamente los medios propios para asegurar el desarrollo de los pa\u00edses econ\u00f3micamente atrasados, las sociedades industriales de la primera generaci\u00f3n, no obstante el grado de desarrollo t\u00e9cnico y econ\u00f3mico alcanzado, comienzan a interrogarse sobre la finalidad del progreso.<br><br>Ellas comprueban, en efecto, que el progreso no es continuo ni produce solamente efectos positivos, pero que tampoco pueden escapar al dinamismo que provocan las t\u00e9cnicas y sus sistemas econ\u00f3micos2. La inquietud de las sociedades industriales, en verdad, se explica a partir de un desequilibrio, de un desajuste entre los medios y las formas de producci\u00f3n, entre el progreso material y las transformaciones sociales diferidas\u201d que \u00e9ste hace necesarias.<\/p>\n\n\n\n<h3 class=\"wp-block-heading\"><strong>Situaci\u00f3n del Comercio en Guatemala ante la Crisis Econ\u00f3mica Internacional<\/strong><br><em>Dra. Thelma Cifuentes de Ram\u00edrez<\/em><\/h3>\n\n\n\n<p class=\"has-background has-small-font-size has-very-light-gray-background-color\"><strong> I. IMPORTANCIA DEL COMERCIO EN LA ECONOM\u00cdA DE GUATEMALA.<br><\/strong><br>El comercio internacional ha presentado cambios significativos en las \u00faltimas tres d\u00e9cadas y ha sido precisamente el proceso Neo-liberal a trav\u00e9s de la Globalizaci\u00f3n lo que tambi\u00e9n ha establecido flujos de comercio globales, en los cuales los pa\u00edses en v\u00edas de desarrollo, como el nuestro, se han visto involucrados en la apertura comercial, por lo que las pol\u00edticas econ\u00f3micas de nuestros pa\u00edses han debido sufrir cambios, y que tanto los sectores gubernamentales, como los privados (representados por las Empresas) han llegado a consensos y con la participaci\u00f3n de ambos se han podido impulsar algunas acciones, que permitan participar en las negociaciones internacionales.<br><br>A nivel general el Comercio Internacional como un rengl\u00f3n importante en el contexto de las relaciones internacionales de un pa\u00eds, contribuye juntamente con otros factores al desarrollo de cada naci\u00f3n, si el mismo logra un posicionamiento sim\u00e9trico con los pa\u00edses con quienes se establece la relaci\u00f3n comercial.<\/p>\n\n\n\n<h3 class=\"wp-block-heading\"><strong>Propuestas de reforma fiscal , di\u00e1logo y disensos en el contexto econ\u00f3mico actual. &#8211; Una radiograf\u00eda de la situaci\u00f3n en el primer semestre de 2010 &#8211;<\/strong><br><em>Licda. Mara Luz Polanco Sagastume<\/em><\/h3>\n\n\n\n<p style=\"background-color:#ffffff\" class=\"has-background has-small-font-size\"><strong>1. Antecedentes recientes.<\/strong><br><br>En materia fiscal el gobierno central inici\u00f3 el a\u00f1o 2010 con m\u00e1s dificultades de las que experiment\u00f3 durante el ejercicio anterior, debido no solamente al impacto de la crisis econ\u00f3mica mundial sino tambi\u00e9n a las decisiones tomadas por la oposici\u00f3n pol\u00edtica en el Congreso de la Rep\u00fablica que finalmente evitaron la aprobaci\u00f3n del Proyecto de Presupuesto General de Ingresos y Egresos del Estado presentado por el Ministerio de Finanzas P\u00fablicas. Esta situaci\u00f3n dej\u00f3 vigente el presupuesto aprobado en el a\u00f1o 2009, cuyo monto asciende a Q. 49,723 millones de quetzales, mayor a los Q. 47,867 millones contemplados en la propuesta hecha por el Ejecutivo, lo cual se interpret\u00f3 como una maniobra para obligar al gobierno y la bancada oficial a negociar los cambios, financiamiento y destino de los recursos p\u00fablicos en un contexto preelectoral.<br><br>A los problemas relativos a la ampliaci\u00f3n del techo presupuestario se sumaban entonces las dificultades que tradicionalmente han impedido el incremento de los ingresos tributarios, que diezmados tambi\u00e9n por el impacto de la crisis econ\u00f3mica en el comercio internacional se redujeron un 4.9% entre 2008 y 2009 al pasar de Q. 33,358.1 a Q.31,811.7 millones, debido al estancamiento de los impuestos directos y a una reducci\u00f3n del 7.0% en la tributaci\u00f3n indirecta impactada especialmente por la disminuci\u00f3n de las captaciones del Impuesto al Valor Agregado sobre las Importaciones (15.5%), el Impuesto por Derechos Arancelarios a la Importaci\u00f3n (13.3%), y otros como los impuestos a la Distribuci\u00f3n de Cemento, sobre Regal\u00edas Petroleras e Hidrocarburos Compartibles y el impuesto por Salidas del Pa\u00eds, entre otros.<\/p>\n\n\n\n<h3 class=\"wp-block-heading\"><strong>Guatemala: Pobreza y capitalismo<\/strong><br><em>Lic. Miguel \u00c1ngel Castro<\/em><\/h3>\n\n\n\n<p class=\"has-background has-small-font-size has-very-light-gray-background-color\"><strong><em>SE PUEDE ANIQUILAR LA POBREZA EN EL CAPITALISMO.<\/em><\/strong><br><br>Combatir la pobreza, no es lo mismo que erradicarla, pues es tarea de grandes proporciones que implica imprescindiblemente elaborar una matriz sobre aspectos pol\u00edticos, econ\u00f3micos, sociales, \u00e9ticos, humanos, morales que hay que concatenarlos e institucionalizarlos, con la finalidad de plasmarlos y ejecutarlos en las Pol\u00edticas P\u00fablicas para que tengan el efecto esperado dentro de la sociedad. Esto es as\u00ed ya que se le puede \u00abcombatir\u201d por tiempo indeterminado, pero, erradicarla significa aniquilarla al interior de la sociedad capitalista, lo cual dadas las especificidades de este modo de producci\u00f3n es dif\u00edcil hacerlo.<br><br>En nuestro pa\u00eds, se tiene que durante varios a\u00f1os los diferentes gobiernos se han pasado combati\u00e9ndola y posiblemente junto con el aspecto de la violencia, sean dos de los argumentos contempor\u00e1neos m\u00e1s publicitados que incluyen los partidos pol\u00edticos en sus programas de trabajo para atraer adeptos en las campa\u00f1as electorales, con la salvedad que ese combate en nada garantiza que desaparezca ni que tampoco se debe interpretar que se le est\u00e1 venciendo.<\/p>\n\n\n\n<hr class=\"wp-block-separator is-style-wide\"\/>\n\n\n\n<div class=\"wp-block-image\"><figure class=\"aligncenter size-medium\"><img decoding=\"async\" loading=\"lazy\" width=\"232\" height=\"300\" src=\"https:\/\/iies.usac.edu.gt\/wp-content\/uploads\/2021\/07\/Portada-Revista-Econom\u00eda-No.-186-2010-232x300.png\" alt=\"\" class=\"wp-image-1186\" srcset=\"https:\/\/iies.usac.edu.gt\/wp-content\/uploads\/2021\/07\/Portada-Revista-Econom\u00eda-No.-186-2010-232x300.png 232w, https:\/\/iies.usac.edu.gt\/wp-content\/uploads\/2021\/07\/Portada-Revista-Econom\u00eda-No.-186-2010.png 699w\" sizes=\"(max-width: 232px) 100vw, 232px\" \/><\/figure><\/div>\n\n\n\n<hr class=\"wp-block-separator is-style-wide\"\/>\n\n\n\n<div class=\"wp-block-buttons is-layout-flex\">\n<div class=\"wp-block-button\"><a class=\"wp-block-button__link has-background has-vivid-red-background-color\" href=\"https:\/\/iies.usac.edu.gt\/wp-content\/uploads\/2021\/07\/Rev186-2010.pdf\" target=\"_blank\" rel=\"noreferrer noopener\">Descargar Revista en PDF<\/a><\/div>\n<\/div>\n\n\n\n<p><\/p>\n","protected":false},"excerpt":{"rendered":"<p>El Instituto de Investigaciones Econ\u00f3micas y Sociales -IIES- de la Universidad de San Carlos de Guatemala, presenta a sus lectores la Revista Econom\u00eda No. 186, correspondiente al trimestre octubre-diciembre 2010. Contenido Modernidad y \u201cdesarrollo\u201d en Santiago Atitl\u00e1nDr. Jorge Murga Armas Introducci\u00f3n En la segunda mitad del siglo XX, en el momento en que los \u201cespecialistas\u201d [&hellip;]<\/p>\n","protected":false},"author":2,"featured_media":1190,"comment_status":"open","ping_status":"open","sticky":false,"template":"","format":"standard","meta":[],"categories":[6,2],"tags":[],"_links":{"self":[{"href":"https:\/\/iies.usac.edu.gt\/index.php\/wp-json\/wp\/v2\/posts\/1250"}],"collection":[{"href":"https:\/\/iies.usac.edu.gt\/index.php\/wp-json\/wp\/v2\/posts"}],"about":[{"href":"https:\/\/iies.usac.edu.gt\/index.php\/wp-json\/wp\/v2\/types\/post"}],"author":[{"embeddable":true,"href":"https:\/\/iies.usac.edu.gt\/index.php\/wp-json\/wp\/v2\/users\/2"}],"replies":[{"embeddable":true,"href":"https:\/\/iies.usac.edu.gt\/index.php\/wp-json\/wp\/v2\/comments?post=1250"}],"version-history":[{"count":3,"href":"https:\/\/iies.usac.edu.gt\/index.php\/wp-json\/wp\/v2\/posts\/1250\/revisions"}],"predecessor-version":[{"id":1258,"href":"https:\/\/iies.usac.edu.gt\/index.php\/wp-json\/wp\/v2\/posts\/1250\/revisions\/1258"}],"wp:featuredmedia":[{"embeddable":true,"href":"https:\/\/iies.usac.edu.gt\/index.php\/wp-json\/wp\/v2\/media\/1190"}],"wp:attachment":[{"href":"https:\/\/iies.usac.edu.gt\/index.php\/wp-json\/wp\/v2\/media?parent=1250"}],"wp:term":[{"taxonomy":"category","embeddable":true,"href":"https:\/\/iies.usac.edu.gt\/index.php\/wp-json\/wp\/v2\/categories?post=1250"},{"taxonomy":"post_tag","embeddable":true,"href":"https:\/\/iies.usac.edu.gt\/index.php\/wp-json\/wp\/v2\/tags?post=1250"}],"curies":[{"name":"wp","href":"https:\/\/api.w.org\/{rel}","templated":true}]}}