{"id":1247,"date":"2021-07-15T18:56:35","date_gmt":"2021-07-15T18:56:35","guid":{"rendered":"https:\/\/iies.usac.edu.gt\/?p=1247"},"modified":"2021-07-15T18:56:36","modified_gmt":"2021-07-15T18:56:36","slug":"boletin-economia-al-dia-1-2010","status":"publish","type":"post","link":"https:\/\/iies.usac.edu.gt\/index.php\/2021\/07\/15\/boletin-economia-al-dia-1-2010\/","title":{"rendered":"Bolet\u00edn \u201cEconom\u00eda al d\u00eda\u201d 1\/2010"},"content":{"rendered":"\n<h2 class=\"has-text-align-center wp-block-heading\"><strong>Incertidumbre en la Econom\u00eda Mundial para el 2010<\/strong><\/h2>\n\n\n\n<p class=\"has-text-align-center\"><em><strong>Autor:<\/strong> Leonel Hern\u00e1ndez Cardona<\/em><\/p>\n\n\n\n<hr class=\"wp-block-separator is-style-wide\"\/>\n\n\n\n<p style=\"background-color:#ffffff\" class=\"has-background\">El a\u00f1o 2008 fue el de la debacle econ\u00f3mica y el 2009 en el que se evit\u00f3 una depresi\u00f3n m\u00e1s profunda que la ocurrida en 1929, pero en el a\u00f1o 2010 ser\u00e1 donde se defina si la incipiente recuperaci\u00f3n econ\u00f3mica es duradera o un espejismo econ\u00f3mico. Para Robert Ward, director de Global Projection del Economist Intelligence Unit (EIU), se ha mejorado en el sentido de recuperar cierta estabilidad, pero todav\u00eda la demanda mundial es muy d\u00e9bil y la volatilidad ser\u00e1 el rasgo saliente de la econom\u00eda mundial no s\u00f3lo en el 2010, sino en los pr\u00f3ximos tres o cuatro a\u00f1os. Por eso la mayor\u00eda de predicciones apuntan a un 2010 disparejo y accidentado, donde en gran medida la demanda mundial depender\u00e1 de Estados Unidos y de las naciones emergentes, como China, India y Brasil.<\/p>\n\n\n\n<p class=\"has-background has-very-light-gray-background-color\">El verdadero riesgo se encuentra en c\u00f3mo se plantear\u00e1 la estrategia de salida de la crisis, donde existe el peligro de que por preocuparse mucho de la deuda p\u00fablica se estime que lo prioritario es reducir a toda costa el d\u00e9ficit fiscal. Sobre este particular el FMI ha pedido que se mantengan los planes de est\u00edmulo econ\u00f3mico para evitar una reca\u00edda en la recesi\u00f3n econ\u00f3mica que ser\u00eda muy dif\u00edcil de superar. Por lo mismo subraya la importancia de encontrar una estrategia de salida viable para las medidas de est\u00edmulo econ\u00f3mico y asegura de que no deber\u00edan retirarse hasta que la demanda interna se recupere totalmente. Por tal raz\u00f3n, Strauss-Kahn advirti\u00f3 a los pa\u00edses desarrollados que deben de tener cuidado de no poner fin a sus pol\u00edticas para estimular el crecimiento econ\u00f3mico, incluyendo las tasas de inter\u00e9s muy bajas y el gasto p\u00fablico adicional para lidiar con la crisis, que con el tiempo, la prioridad ser\u00e1 enfrentar los altos niveles de la deuda p\u00fablica, que son el resultado de la recesi\u00f3n y las pol\u00edticas destinadas a luchar contra ella.<\/p>\n\n\n\n<p style=\"background-color:#ffffff\" class=\"has-background\">Las medidas de est\u00edmulo fueron fundamentales para evitar una ca\u00edda en picada de la confianza, pero en la segunda mitad de 2010 se agotar\u00e1 este est\u00edmulo y en muchos pa\u00edses la inversi\u00f3n del sector privado no conseguir\u00e1 sustituirlo por el alto nivel de endeudamiento que hay en la econom\u00eda, se\u00f1ala Robert Ward. El FMI considera que el est\u00edmulo fiscal, que evit\u00f3 la depresi\u00f3n en 2009, se habr\u00e1 agotado a mediados de 2010 como motor econ\u00f3mico. A diferencia de otras crisis, hoy los pa\u00edses ricos son el eslab\u00f3n d\u00e9bil de la econom\u00eda mundial.<\/p>\n\n\n\n<hr class=\"wp-block-separator is-style-wide\"\/>\n\n\n\n<div class=\"wp-block-buttons is-layout-flex\">\n<div class=\"wp-block-button\"><a class=\"wp-block-button__link has-background has-vivid-red-background-color\" href=\"https:\/\/iies.usac.edu.gt\/wp-content\/uploads\/2021\/07\/bol1-2010.pdf\" target=\"_blank\" rel=\"noreferrer noopener\">Descargar Bolet\u00edn en PDF<\/a><\/div>\n<\/div>\n\n\n\n<p><\/p>\n","protected":false},"excerpt":{"rendered":"<p>Incertidumbre en la Econom\u00eda Mundial para el 2010. Autor: Leonel Hern\u00e1ndez Cardona.<\/p>\n","protected":false},"author":2,"featured_media":1222,"comment_status":"open","ping_status":"open","sticky":false,"template":"","format":"standard","meta":[],"categories":[7,1],"tags":[],"_links":{"self":[{"href":"https:\/\/iies.usac.edu.gt\/index.php\/wp-json\/wp\/v2\/posts\/1247"}],"collection":[{"href":"https:\/\/iies.usac.edu.gt\/index.php\/wp-json\/wp\/v2\/posts"}],"about":[{"href":"https:\/\/iies.usac.edu.gt\/index.php\/wp-json\/wp\/v2\/types\/post"}],"author":[{"embeddable":true,"href":"https:\/\/iies.usac.edu.gt\/index.php\/wp-json\/wp\/v2\/users\/2"}],"replies":[{"embeddable":true,"href":"https:\/\/iies.usac.edu.gt\/index.php\/wp-json\/wp\/v2\/comments?post=1247"}],"version-history":[{"count":1,"href":"https:\/\/iies.usac.edu.gt\/index.php\/wp-json\/wp\/v2\/posts\/1247\/revisions"}],"predecessor-version":[{"id":1248,"href":"https:\/\/iies.usac.edu.gt\/index.php\/wp-json\/wp\/v2\/posts\/1247\/revisions\/1248"}],"wp:featuredmedia":[{"embeddable":true,"href":"https:\/\/iies.usac.edu.gt\/index.php\/wp-json\/wp\/v2\/media\/1222"}],"wp:attachment":[{"href":"https:\/\/iies.usac.edu.gt\/index.php\/wp-json\/wp\/v2\/media?parent=1247"}],"wp:term":[{"taxonomy":"category","embeddable":true,"href":"https:\/\/iies.usac.edu.gt\/index.php\/wp-json\/wp\/v2\/categories?post=1247"},{"taxonomy":"post_tag","embeddable":true,"href":"https:\/\/iies.usac.edu.gt\/index.php\/wp-json\/wp\/v2\/tags?post=1247"}],"curies":[{"name":"wp","href":"https:\/\/api.w.org\/{rel}","templated":true}]}}