{"id":1142,"date":"2021-06-22T20:43:44","date_gmt":"2021-06-22T20:43:44","guid":{"rendered":"https:\/\/iies.usac.edu.gt\/?p=1142"},"modified":"2021-06-22T20:43:44","modified_gmt":"2021-06-22T20:43:44","slug":"boletin-economia-al-dia-4-2011","status":"publish","type":"post","link":"https:\/\/iies.usac.edu.gt\/index.php\/2021\/06\/22\/boletin-economia-al-dia-4-2011\/","title":{"rendered":"Bolet\u00edn \u201cEconom\u00eda al d\u00eda\u201d 4\/2011"},"content":{"rendered":"\n<h3 class=\"has-text-align-center wp-block-heading\"><strong>Pasivos Ambientales fantasmas del presente y futuro de Guatemala<br>\u00bfQui\u00e9n o qui\u00e9nes pagar\u00e1n por ellos?<\/strong><\/h3>\n\n\n\n<p class=\"has-text-align-center\"><em><strong>Autor:<\/strong> Carlos Morales L\u00f3pez<\/em><\/p>\n\n\n\n<hr class=\"wp-block-separator is-style-wide\"\/>\n\n\n\n<p style=\"background-color:#ffffff\" class=\"has-background has-small-font-size\">Hay una parte importante de la opini\u00f3n p\u00fablica que se cree el cuento de esas inversoras, como es una minera o una industria forestal de esas que vienen, arrancan los recursos naturales y despu\u00e9s se van. Pero son vendedores de prosperidad y felicidad que un d\u00eda desaparecen, dejando tras de s\u00ed s\u00f3lo agujeros y fantasmas, espacios vac\u00edos. Desde hace cinco siglos que es as\u00ed y eso tiene que ense\u00f1arnos. Defender nuestros recursos naturales es una parte sustancial de la defensa de nuestra identidad cultural.<br><br>Eduardo Galeano<\/p>\n\n\n\n<p class=\"has-background has-very-light-gray-background-color\">La actividad minera en Guatemala y en otros pa\u00edses latinoamericanos ha sido, es y ser\u00e1 fuertemente cuestionada por sectores afectados, entre estos, miles de campesinos que hoy viven los impactos nocivos de la actividad minera.. Estas cr\u00edticas han sido perfectamente sustentadas por grupos ambientalistas y por la irresponsable conducta de las empresas dedicadas a la explotaci\u00f3n de los recursos no renovables. El dise\u00f1o e implementaci\u00f3n de leyes favorables a la explotaci\u00f3n miner\u00eda a cielo abierto, permite que los da\u00f1os provocados a los ecosistemas queden impunes. La aparici\u00f3n del concepto Pasivo Ambiental es reciente y busca desde la legislaci\u00f3n un marco que permita evitar, corregir y sancionar este tipo de da\u00f1os. La generaci\u00f3n de pasivos ambientales debe contemplarse desde la instalaci\u00f3n, desarrollo y explotaci\u00f3n de recursos naturales. El tema a\u00fan no esta presente en la agenda del Estado de Guatemala y de grupos ambientalistas locales, por lo que su abordaje es necesario para evitar los efectos nocivos de la miner\u00eda en el futuro. Con el desarrollo de esta industria a nivel mundial tambi\u00e9n se ha corregido la legislaci\u00f3n en muchos pa\u00edses, especialmente en America Latina, con el objetivo de asegurar la sostenibilidad de los medios de vida de poblaciones vulnerables. Es momento entonces de que esta sociedad exija una verdadera legislaci\u00f3n de talla mundial, econ\u00f3mica, y ecol\u00f3gicamente responsable, que adem\u00e1s contribuya al desarrollo del pa\u00eds.<\/p>\n\n\n\n<p style=\"background-color:#ffffff\" class=\"has-background\">El a\u00f1o 2010 la industria extractiva del oro obtuvo las mejores ganancias de su historia. Este nivel de ganancias se expresa en los precios actuales de las acciones de las empresas mineras, en el pago de dividendos a sus accionistas, la ampliaci\u00f3n y expansi\u00f3n de esta actividad a otras zonas y pa\u00edses de la regi\u00f3n, entre otros indicadores. Bajo estos par\u00e1metros y en el actual modelo econ\u00f3mico, puede decirse que la industria del oro es altamente rentable. No faltar\u00e1 la presi\u00f3n internacional para que en los pa\u00edses latinoamericanos se siga otorgando a esta industria todas las facilidades, adem\u00e1s de las que ya tiene, para que contin\u00fae con su crecimiento. Hoy m\u00e1s que nunca es evidente que dicho crecimiento poco o nada ha contribuido con las comunidades y en el futuro heredar\u00e1n los pasivos ambientales de esta industria.<\/p>\n\n\n\n<hr class=\"wp-block-separator is-style-wide\"\/>\n\n\n\n<div class=\"wp-block-buttons is-layout-flex\">\n<div class=\"wp-block-button\"><a class=\"wp-block-button__link has-background has-vivid-red-background-color\" href=\"https:\/\/iies.usac.edu.gt\/wp-content\/uploads\/2021\/06\/bol4-2011.pdf\" target=\"_blank\" rel=\"noreferrer noopener\">Descargar Bolet\u00edn en PDF<\/a><\/div>\n<\/div>\n\n\n\n<p><\/p>\n","protected":false},"excerpt":{"rendered":"<p>Pasivos Ambientales fantasmas del presente y futuro de Guatemala<br \/>\n\u00bfQui\u00e9n o qui\u00e9nes pagar\u00e1n por ellos?  Autor: Carlos Morales L\u00f3pez. <\/p>\n","protected":false},"author":2,"featured_media":1117,"comment_status":"open","ping_status":"open","sticky":false,"template":"","format":"standard","meta":[],"categories":[12,1],"tags":[],"_links":{"self":[{"href":"https:\/\/iies.usac.edu.gt\/index.php\/wp-json\/wp\/v2\/posts\/1142"}],"collection":[{"href":"https:\/\/iies.usac.edu.gt\/index.php\/wp-json\/wp\/v2\/posts"}],"about":[{"href":"https:\/\/iies.usac.edu.gt\/index.php\/wp-json\/wp\/v2\/types\/post"}],"author":[{"embeddable":true,"href":"https:\/\/iies.usac.edu.gt\/index.php\/wp-json\/wp\/v2\/users\/2"}],"replies":[{"embeddable":true,"href":"https:\/\/iies.usac.edu.gt\/index.php\/wp-json\/wp\/v2\/comments?post=1142"}],"version-history":[{"count":1,"href":"https:\/\/iies.usac.edu.gt\/index.php\/wp-json\/wp\/v2\/posts\/1142\/revisions"}],"predecessor-version":[{"id":1143,"href":"https:\/\/iies.usac.edu.gt\/index.php\/wp-json\/wp\/v2\/posts\/1142\/revisions\/1143"}],"wp:featuredmedia":[{"embeddable":true,"href":"https:\/\/iies.usac.edu.gt\/index.php\/wp-json\/wp\/v2\/media\/1117"}],"wp:attachment":[{"href":"https:\/\/iies.usac.edu.gt\/index.php\/wp-json\/wp\/v2\/media?parent=1142"}],"wp:term":[{"taxonomy":"category","embeddable":true,"href":"https:\/\/iies.usac.edu.gt\/index.php\/wp-json\/wp\/v2\/categories?post=1142"},{"taxonomy":"post_tag","embeddable":true,"href":"https:\/\/iies.usac.edu.gt\/index.php\/wp-json\/wp\/v2\/tags?post=1142"}],"curies":[{"name":"wp","href":"https:\/\/api.w.org\/{rel}","templated":true}]}}