{"id":1064,"date":"2021-05-13T18:33:00","date_gmt":"2021-05-13T18:33:00","guid":{"rendered":"https:\/\/iies.usac.edu.gt\/?p=1064"},"modified":"2021-05-14T18:47:06","modified_gmt":"2021-05-14T18:47:06","slug":"revista-economia-no-191-enero-marzo-2012","status":"publish","type":"post","link":"https:\/\/iies.usac.edu.gt\/index.php\/2021\/05\/13\/revista-economia-no-191-enero-marzo-2012\/","title":{"rendered":"Revista Econom\u00eda No. 191 enero \u2013 marzo 2012"},"content":{"rendered":"\n<p class=\"has-medium-font-size\">El Instituto de Investigaciones Econ\u00f3micas y Sociales \u2014IIES\u2014 de la Universidad de San Carlos de Guatemala, presenta a sus lectores la revista Econom\u00eda 191 correspondiente al trimestre enero-marzo del a\u00f1o 2012.<\/p>\n\n\n\n<p style=\"color:#ffffff\" class=\"has-text-color has-background has-text-align-center has-very-dark-gray-background-color\">Contenido<\/p>\n\n\n\n<h3 class=\"wp-block-heading\"><strong>La crisis econ\u00f3mica mundial y la insolvencia financiera de los Estados<\/strong><br><em>Lic. Leonel Hern\u00e1ndez Cardona<\/em><\/h3>\n\n\n\n<p style=\"background-color:#ffffff\" class=\"has-background has-small-font-size\"><strong>Introducci\u00f3n<\/strong><br><br>La crisis financiera propiciada por los pa\u00edses desarrollados se propag\u00f3 con rapidez a todo el sistema financiero mundial, ning\u00fan pa\u00eds qued\u00f3 a salvo y ahora nuevamente esta crisis vuelve a ensombrecer el panorama econ\u00f3mico internacional originado por los crecientes d\u00e9ficits fiscales y el incremento de la deuda p\u00fablica, que fueron los soportes de las medidas de pol\u00edtica econ\u00f3mica que utilizaron los Estados para evitar el hundimiento y colapso del sistema econ\u00f3mico capitalista mundial, situaci\u00f3n derivada por las practicas irracionales del Neoliberalismo econ\u00f3mico que deslumbr\u00f3 al mundo con sus pol\u00edticas sustentadas en la mercadocracia y una libertad econ\u00f3mica irrestricta, desde la d\u00e9cada de los setentas hasta su colapso en el 2008.<br><br>Actualmente, existen escasas posibilidades que en los pr\u00f3ximos a\u00f1os los pa\u00edses desarrollados y en v\u00edas de desarrollo se recuperen con la fuerza suficiente para que la econom\u00eda mundial se normalice y vuelve a crecer a un ritmo similar al reportado en a\u00f1os anteriores del 2007. Por el contrario, el panorama se complica con el hundimiento econ\u00f3mico y financiero de los Estados Unidos, la Uni\u00f3n Europea y pa\u00edses asi\u00e1ticos, propiciado por los d\u00e9ficits fiscales y la deuda p\u00fablica. Esa tensi\u00f3n es expresada en la negociaci\u00f3n de la Casa Blanca y el Congreso de Estados Unidos, para subir el l\u00edmite de la deuda p\u00fablica arriba de los 14.3 billones de d\u00f3lares que tiene fijada el Congreso y que ha llegado a su l\u00edmite en mayo del 2011. Seg\u00fan noticias de prensa del 24 de julio del 2011, por varias semanas, los pol\u00edticos en Estados Unidos han estado enzarzados en discusiones sobre c\u00f3mo reducir el d\u00e9ficit fiscal del pa\u00eds y controlar la deuda p\u00fablica, sin poder llegar a un acuerdo sobre un paquete de medidas fiscales y de gasto p\u00fablico, mientras se avecina la posibilidad de una cesaci\u00f3n de pagos de los compromisos de deuda p\u00fablica avalados por el Gobierno de Estados Unidos, que est\u00e1 al borde de caer en default.<\/p>\n\n\n\n<h3 class=\"wp-block-heading\"><strong>Pol\u00edtica fiscal\/tributaria durante el gobierno de \u00c1lvaro Colom <\/strong><br><em>Dr. Jorge Murga Armas<\/em><\/h3>\n\n\n\n<p class=\"has-background has-very-light-gray-background-color\"><strong>Introducci\u00f3n <\/strong><br><br>En su Informe nacional de desarrollo humano 2007\/2008, titulado Guatemala: \u00bfuna econom\u00eda al servicio del desarrollo humano?, el Programa de las Naciones Unidas para el Desarrollo (PNUD), despu\u00e9s de un breve pero enriquecidor estudio sobre la cuesti\u00f3n fiscal en Guatemala, considera a \u201cLa pol\u00edtica fiscal\/tributaria\u201d como \u201cla m\u00e1s pol\u00e9mica de todas las pol\u00edticas p\u00fablicas para los gremios empresariales, especialmente en lo que concierne a los niveles de tributaci\u00f3n\u201d.110 <br><br>Su afirmaci\u00f3n no carece de fundamento. Desde siempre, las c\u00e1maras empresariales, sus miembros y no pocos ciudadanos influidos por esa cultura antifiscal, se han opuesto abiertamente a cualquier iniciativa de reforma tributaria. De hecho, la carga tributaria en Guatemala sigue siendo de las m\u00e1s bajas del mundo,211 y la estructura tributaria, no obstante ciertas \u201cconcesiones\u201d del sector privado,312 \u201cse ha modificado poco\u201d.413<\/p>\n\n\n\n<h3 class=\"wp-block-heading\"><strong>Sistemas de Producci\u00f3n Agr\u00edcola, p\u00e9rdida de suelo por erosi\u00f3n h\u00eddrica y valoraci\u00f3n econ\u00f3mica de la p\u00e9rdida de suelo en la zona de uso extensivo de la Reserva Protectora de Manantiales Cordillera Alux<\/strong><br><em>Lic. David Eli\u00e9zer Casta\u00f1\u00f3n Orozco<\/em><\/h3>\n\n\n\n<p style=\"background-color:#ffffff\" class=\"has-background\"><strong>Introducci\u00f3n<\/strong><br><br>El suelo se constituye en el capital natural b\u00e1sico para la producci\u00f3n agr\u00edcola, su manejo adecuado que incluya las pr\u00e1cticas para su conservaci\u00f3n y aprovechamiento no debieran ser descuidadas, con lo cual se garantizar\u00eda su sostenibilidad para el largo plazo y se asegurar\u00edan retornos econ\u00f3micos positivos a lo largo del tiempo. <br><br>No obstante, en Guatemala son pocos los agricultores que hacen inversiones en la conservaci\u00f3n de suelos, luego, no se visualiza la p\u00e9rdida de suelos por erosi\u00f3n como un factor de contaminaci\u00f3n para el resto del ecosistema, producto del arrastre del mismo durante el per\u00edodo de lluvias. Esta situaci\u00f3n se demuestra en el presente art\u00edculo en una zona que por mandato legal debiera reorientarse hacia una agricultura que mitigue impactos negativos al ecosistema de la reserva Forestal Protectora de Manantiales Cordillera Alux.<\/p>\n\n\n\n<hr class=\"wp-block-separator is-style-wide\"\/>\n\n\n\n<div class=\"wp-block-image\"><figure class=\"aligncenter size-medium\"><img decoding=\"async\" loading=\"lazy\" width=\"229\" height=\"300\" src=\"https:\/\/iies.usac.edu.gt\/wp-content\/uploads\/2021\/04\/Portada-Revista-191-2012-229x300.jpg\" alt=\"\" class=\"wp-image-1016\" srcset=\"https:\/\/iies.usac.edu.gt\/wp-content\/uploads\/2021\/04\/Portada-Revista-191-2012-229x300.jpg 229w, https:\/\/iies.usac.edu.gt\/wp-content\/uploads\/2021\/04\/Portada-Revista-191-2012-783x1024.jpg 783w, https:\/\/iies.usac.edu.gt\/wp-content\/uploads\/2021\/04\/Portada-Revista-191-2012-768x1004.jpg 768w, https:\/\/iies.usac.edu.gt\/wp-content\/uploads\/2021\/04\/Portada-Revista-191-2012.jpg 943w\" sizes=\"(max-width: 229px) 100vw, 229px\" \/><\/figure><\/div>\n\n\n\n<hr class=\"wp-block-separator is-style-wide\"\/>\n\n\n\n<div class=\"wp-block-buttons is-layout-flex\">\n<div class=\"wp-block-button\"><a class=\"wp-block-button__link has-background has-vivid-red-background-color\" href=\"https:\/\/iies.usac.edu.gt\/wp-content\/uploads\/2021\/04\/Rev191-2012.pdf\" target=\"_blank\" rel=\"noreferrer noopener\">Descargar Revista en PDF<\/a><\/div>\n<\/div>\n\n\n\n<p><\/p>\n","protected":false},"excerpt":{"rendered":"<p>La crisis econ\u00f3mica mundial y la insolvencia financiera de los Estados, Lic. Leonel Hern\u00e1ndez Cardona. \/ Pol\u00edtica fiscal\/tributaria durante el gobierno de \u00c1lvaro Colom, Dr. Jorge Murga Armas. \/ Sistemas de Producci\u00f3n Agr\u00edcola, p\u00e9rdida de suelo por erosi\u00f3n h\u00eddrica y valoraci\u00f3n econ\u00f3mica de la p\u00e9rdida de suelo en la zona de uso extensivo de la Reserva Protectora de Manantiales Cordillera Alux. Lic. David Eli\u00e9zer Casta\u00f1\u00f3n Orozco.<\/p>\n","protected":false},"author":2,"featured_media":1014,"comment_status":"open","ping_status":"open","sticky":false,"template":"","format":"standard","meta":[],"categories":[9,2],"tags":[],"_links":{"self":[{"href":"https:\/\/iies.usac.edu.gt\/index.php\/wp-json\/wp\/v2\/posts\/1064"}],"collection":[{"href":"https:\/\/iies.usac.edu.gt\/index.php\/wp-json\/wp\/v2\/posts"}],"about":[{"href":"https:\/\/iies.usac.edu.gt\/index.php\/wp-json\/wp\/v2\/types\/post"}],"author":[{"embeddable":true,"href":"https:\/\/iies.usac.edu.gt\/index.php\/wp-json\/wp\/v2\/users\/2"}],"replies":[{"embeddable":true,"href":"https:\/\/iies.usac.edu.gt\/index.php\/wp-json\/wp\/v2\/comments?post=1064"}],"version-history":[{"count":1,"href":"https:\/\/iies.usac.edu.gt\/index.php\/wp-json\/wp\/v2\/posts\/1064\/revisions"}],"predecessor-version":[{"id":1065,"href":"https:\/\/iies.usac.edu.gt\/index.php\/wp-json\/wp\/v2\/posts\/1064\/revisions\/1065"}],"wp:featuredmedia":[{"embeddable":true,"href":"https:\/\/iies.usac.edu.gt\/index.php\/wp-json\/wp\/v2\/media\/1014"}],"wp:attachment":[{"href":"https:\/\/iies.usac.edu.gt\/index.php\/wp-json\/wp\/v2\/media?parent=1064"}],"wp:term":[{"taxonomy":"category","embeddable":true,"href":"https:\/\/iies.usac.edu.gt\/index.php\/wp-json\/wp\/v2\/categories?post=1064"},{"taxonomy":"post_tag","embeddable":true,"href":"https:\/\/iies.usac.edu.gt\/index.php\/wp-json\/wp\/v2\/tags?post=1064"}],"curies":[{"name":"wp","href":"https:\/\/api.w.org\/{rel}","templated":true}]}}